{"id":4363,"date":"2026-05-02T19:50:25","date_gmt":"2026-05-03T00:50:25","guid":{"rendered":"https:\/\/lenaweevoice.com\/?p=4363"},"modified":"2026-05-02T19:50:26","modified_gmt":"2026-05-03T00:50:26","slug":"se-reconoce-el-servicio-comunitario","status":"publish","type":"post","link":"https:\/\/lenaweevoice.com\/staging\/7542\/2026\/05\/02\/se-reconoce-el-servicio-comunitario\/","title":{"rendered":"Se reconoce el servicio comunitario"},"content":{"rendered":"\n<figure class=\"wp-block-image size-large\"><img loading=\"lazy\" decoding=\"async\" width=\"1024\" height=\"919\" src=\"http:\/\/lenaweevoice.com\/staging\/7542\/wp-content\/uploads\/2026\/05\/2026-LCF-Award-Recipients-web-1024x919.jpg\" alt=\"The Lenawee Community Foundation presented awards on April 23 to recognize service to the community. Pictured from left to right are Robert and Sandy Trevino, Tom MacNaughton, and Tino Rebottaro. (Photo by Mike Dickie for the Lenawee Community Foundation)\" class=\"wp-image-4360\" srcset=\"https:\/\/lenaweevoice.com\/staging\/7542\/wp-content\/uploads\/2026\/05\/2026-LCF-Award-Recipients-web-1024x919.jpg 1024w, https:\/\/lenaweevoice.com\/staging\/7542\/wp-content\/uploads\/2026\/05\/2026-LCF-Award-Recipients-web-300x269.jpg 300w, https:\/\/lenaweevoice.com\/staging\/7542\/wp-content\/uploads\/2026\/05\/2026-LCF-Award-Recipients-web-768x689.jpg 768w, https:\/\/lenaweevoice.com\/staging\/7542\/wp-content\/uploads\/2026\/05\/2026-LCF-Award-Recipients-web-150x135.jpg 150w, https:\/\/lenaweevoice.com\/staging\/7542\/wp-content\/uploads\/2026\/05\/2026-LCF-Award-Recipients-web-696x625.jpg 696w, https:\/\/lenaweevoice.com\/staging\/7542\/wp-content\/uploads\/2026\/05\/2026-LCF-Award-Recipients-web-1068x959.jpg 1068w, https:\/\/lenaweevoice.com\/staging\/7542\/wp-content\/uploads\/2026\/05\/2026-LCF-Award-Recipients-web.jpg 1200w\" sizes=\"auto, (max-width: 1024px) 100vw, 1024px\" \/><figcaption class=\"wp-element-caption\">De izquierda a derecha: Robert y Sandy Trevino, Tom MacNaughton, y Tino Rebottaro.<\/figcaption><\/figure>\n\n\n\n<p class=\"wp-block-paragraph\">ADRIAN \u2014 Lenawee Community Foundation homenaje\u00f3 a varios residentes locales por su servicio a la comunidad en un evento que tuvo lugar el 23 de abril en el Adrian Armory.&nbsp;<\/p>\n\n\n\n<p class=\"wp-block-paragraph\"><strong>Tom MacNaughton <\/strong>recibi\u00f3 el Premio al Liderazgo de Lenawee (Lenawee Leadership Awards). Este premio reconoce a individuos que ejemplifican el principio fundamental de que el futuro del Condado de Lenawee estar\u00e1 determinado por la calidad de su liderazgo.&nbsp;<\/p>\n\n\n\n<p class=\"wp-block-paragraph\">MacNaughton se jubil\u00f3 tras una trayectoria de 31 a\u00f1os de carrera en Lenawee County Department of Aging, incluyendo 24 a\u00f1os como director. Durante su cargo, promovi\u00f3 programas innovadores que ayudaron a los adultos mayores a mantener su independencia, como transportaci\u00f3n, servicios de reparaci\u00f3n del hogar e iniciativas de voluntariado a gran escala, como un programa comunitario de recolecci\u00f3n de hojas que moviliz\u00f3 a estudiantes para ayudar a las personas mayores. Cuando se desempe\u00f1\u00f3 como director interino de YMCA del Condado de Lenawee, ayud\u00f3 a la organizaci\u00f3n a superar un per\u00edodo de dificultades financieras.&nbsp;<\/p>\n\n\n\n<p class=\"wp-block-paragraph\">Es corredor de toda la vida y entrena al equipo de campo a trav\u00e9s de la Escuela Preparatoria de Adrian. Junto con su esposa, Christine, han sido fundamentales en la organizaci\u00f3n del triatl\u00f3n juvenil anual Splash and Dash.<\/p>\n\n\n\n<p class=\"wp-block-paragraph\"><strong>Robert y Sandy Trevino <\/strong>recibieron el Premio Stubnitz (Stubnitz Award). Este premio se otorga a personas que demuestran un compromiso ejemplar a trav\u00e9s del voluntariado.&nbsp;<\/p>\n\n\n\n<p class=\"wp-block-paragraph\">Robert Trevino ha dedicado muchas horas siendo voluntario en el Department of Aging, donde se ha desempe\u00f1ado como asesor fiscal, capacitador y ayudante de confianza para adultos mayores en la gesti\u00f3n de tr\u00e1mites financieros importantes. Ha colaborado en la entrega de comidas a personas mayores, apoyado los esfuerzos ministeriales en la asistencia para trabajadores migrantes y prestado servicio durante muchos a\u00f1os en el campus de San Jos\u00e9 de la Parroquia de la Sagrada Familia. Ha formado parte de Civitan y de muchos otros grupos de servicio locales.&nbsp;<\/p>\n\n\n\n<p class=\"wp-block-paragraph\">Sandy Trevino ayud\u00f3 a fundar la Escuela Preescolar Comunitaria de Adrian en 1967. Durante m\u00e1s de 25 a\u00f1os, ha visitado regularmente los campamentos de migrantes para entregar alimentos, ropa y art\u00edculos de primera necesidad. Tambi\u00e9n ha colaborado activamente con Civitan, Goodwill, Maurice Spear Campus y su iglesia. Est\u00e1 comprometida a garantizar que las personas que atraviesan dificultades se sientan cuidadas y bienvenidas.&nbsp;<\/p>\n\n\n\n<p class=\"wp-block-paragraph\"><strong>Tino Rebottaro <\/strong>recibi\u00f3 el Premio Incito (Incito Award), que reconoce a personas de 40 a\u00f1os o menos que son l\u00edderes comunitarios y han demostrado un compromiso con el voluntariado y la filantrop\u00eda. Rebottaro se gradu\u00f3 de la Preparatoria Tecumseh en 2004. Forma parte de la junta directiva de Greater Lenawee Chamber of Commerce y contribuy\u00f3 a la transici\u00f3n de liderazgo de dicha organizaci\u00f3n. Tambi\u00e9n ha participado en Big Brothers Big Sisters, Housing Help of Lenawee, Neighbors of Hope y Hospice of Lenawee. Trabaja en la Agencia de Seguros Iott (Iott Insurance Agency).<\/p>\n\n\n\n<p class=\"has-text-align-right wp-block-paragraph\"><em>\u2014 Traducido por Lizbeth P\u00e9rez-C\u00e1zares<\/em><\/p>\n","protected":false},"excerpt":{"rendered":"<p>Lenawee Community Foundation homenaje\u00f3 a varios residentes locales por su servicio a la comunidad en un evento que tuvo lugar el 23 de abril en el Adrian Armory.\u00a0<\/p>\n","protected":false},"author":4,"featured_media":4359,"comment_status":"open","ping_status":"open","sticky":false,"template":"","format":"standard","meta":{"nf_dc_page":"","om_disable_all_campaigns":false,"_monsterinsights_skip_tracking":false,"footnotes":""},"categories":[34],"tags":[],"community":[],"class_list":["post-4363","post","type-post","status-publish","format-standard","has-post-thumbnail","category-es"],"yoast_head":"<!-- This site is optimized with the Yoast SEO plugin v28.4 - https:\/\/yoast.com\/product\/yoast-seo-wordpress\/ -->\n<title>Se reconoce el servicio comunitario | The Lenawee Voice<\/title>\n<meta name=\"robots\" content=\"noindex, follow, max-snippet:-1, max-image-preview:large, max-video-preview:-1\" \/>\n<meta property=\"og:locale\" content=\"en_US\" \/>\n<meta property=\"og:type\" content=\"article\" \/>\n<meta property=\"og:title\" content=\"Se reconoce el servicio comunitario | The Lenawee Voice\" \/>\n<meta property=\"og:description\" content=\"Lenawee Community Foundation homenaje\u00f3 a varios residentes locales por su servicio a la comunidad en un evento que tuvo lugar el 23 de abril en el Adrian Armory.\u00a0\" \/>\n<meta property=\"og:url\" content=\"https:\/\/lenaweevoice.com\/staging\/7542\/2026\/05\/02\/se-reconoce-el-servicio-comunitario\/\" \/>\n<meta property=\"og:site_name\" content=\"The Lenawee Voice\" \/>\n<meta property=\"article:published_time\" content=\"2026-05-03T00:50:25+00:00\" \/>\n<meta property=\"article:modified_time\" content=\"2026-05-03T00:50:26+00:00\" \/>\n<meta property=\"og:image\" content=\"https:\/\/lenaweevoice.com\/staging\/7542\/wp-content\/uploads\/2026\/05\/2026-LCF-Award-Recipients-web-tn.jpg\" \/>\n\t<meta property=\"og:image:width\" content=\"1100\" \/>\n\t<meta property=\"og:image:height\" content=\"603\" \/>\n\t<meta property=\"og:image:type\" content=\"image\/jpeg\" \/>\n<meta name=\"author\" content=\"The Lenawee Voice\" \/>\n<meta name=\"twitter:card\" content=\"summary_large_image\" \/>\n<meta name=\"twitter:label1\" content=\"Written by\" \/>\n\t<meta name=\"twitter:data1\" content=\"The Lenawee Voice\" \/>\n\t<meta name=\"twitter:label2\" content=\"Est. reading time\" \/>\n\t<meta name=\"twitter:data2\" content=\"3 minutes\" \/>\n<script type=\"application\/ld+json\" class=\"yoast-schema-graph\">{\"@context\":\"https:\\\/\\\/schema.org\",\"@graph\":[{\"@type\":\"Article\",\"@id\":\"https:\\\/\\\/lenaweevoice.com\\\/staging\\\/7542\\\/2026\\\/05\\\/02\\\/se-reconoce-el-servicio-comunitario\\\/#article\",\"isPartOf\":{\"@id\":\"https:\\\/\\\/lenaweevoice.com\\\/staging\\\/7542\\\/2026\\\/05\\\/02\\\/se-reconoce-el-servicio-comunitario\\\/\"},\"author\":{\"name\":\"The Lenawee Voice\",\"@id\":\"https:\\\/\\\/lenaweevoice.com\\\/staging\\\/7542\\\/#\\\/schema\\\/person\\\/a3dbe06f1af3e72ada6b9b909aa8f883\"},\"headline\":\"Se reconoce el servicio comunitario\",\"datePublished\":\"2026-05-03T00:50:25+00:00\",\"dateModified\":\"2026-05-03T00:50:26+00:00\",\"mainEntityOfPage\":{\"@id\":\"https:\\\/\\\/lenaweevoice.com\\\/staging\\\/7542\\\/2026\\\/05\\\/02\\\/se-reconoce-el-servicio-comunitario\\\/\"},\"wordCount\":512,\"commentCount\":0,\"publisher\":{\"@id\":\"https:\\\/\\\/lenaweevoice.com\\\/staging\\\/7542\\\/#organization\"},\"image\":{\"@id\":\"https:\\\/\\\/lenaweevoice.com\\\/staging\\\/7542\\\/2026\\\/05\\\/02\\\/se-reconoce-el-servicio-comunitario\\\/#primaryimage\"},\"thumbnailUrl\":\"https:\\\/\\\/lenaweevoice.com\\\/staging\\\/7542\\\/wp-content\\\/uploads\\\/2026\\\/05\\\/2026-LCF-Award-Recipients-web-tn.jpg\",\"articleSection\":[\"Noticias Locales\"],\"inLanguage\":\"en-US\",\"potentialAction\":[{\"@type\":\"CommentAction\",\"name\":\"Comment\",\"target\":[\"https:\\\/\\\/lenaweevoice.com\\\/staging\\\/7542\\\/2026\\\/05\\\/02\\\/se-reconoce-el-servicio-comunitario\\\/#respond\"]}]},{\"@type\":\"WebPage\",\"@id\":\"https:\\\/\\\/lenaweevoice.com\\\/staging\\\/7542\\\/2026\\\/05\\\/02\\\/se-reconoce-el-servicio-comunitario\\\/\",\"url\":\"https:\\\/\\\/lenaweevoice.com\\\/staging\\\/7542\\\/2026\\\/05\\\/02\\\/se-reconoce-el-servicio-comunitario\\\/\",\"name\":\"Se reconoce el servicio comunitario | The Lenawee Voice\",\"isPartOf\":{\"@id\":\"https:\\\/\\\/lenaweevoice.com\\\/staging\\\/7542\\\/#website\"},\"primaryImageOfPage\":{\"@id\":\"https:\\\/\\\/lenaweevoice.com\\\/staging\\\/7542\\\/2026\\\/05\\\/02\\\/se-reconoce-el-servicio-comunitario\\\/#primaryimage\"},\"image\":{\"@id\":\"https:\\\/\\\/lenaweevoice.com\\\/staging\\\/7542\\\/2026\\\/05\\\/02\\\/se-reconoce-el-servicio-comunitario\\\/#primaryimage\"},\"thumbnailUrl\":\"https:\\\/\\\/lenaweevoice.com\\\/staging\\\/7542\\\/wp-content\\\/uploads\\\/2026\\\/05\\\/2026-LCF-Award-Recipients-web-tn.jpg\",\"datePublished\":\"2026-05-03T00:50:25+00:00\",\"dateModified\":\"2026-05-03T00:50:26+00:00\",\"breadcrumb\":{\"@id\":\"https:\\\/\\\/lenaweevoice.com\\\/staging\\\/7542\\\/2026\\\/05\\\/02\\\/se-reconoce-el-servicio-comunitario\\\/#breadcrumb\"},\"inLanguage\":\"en-US\",\"potentialAction\":[{\"@type\":\"ReadAction\",\"target\":[\"https:\\\/\\\/lenaweevoice.com\\\/staging\\\/7542\\\/2026\\\/05\\\/02\\\/se-reconoce-el-servicio-comunitario\\\/\"]}]},{\"@type\":\"ImageObject\",\"inLanguage\":\"en-US\",\"@id\":\"https:\\\/\\\/lenaweevoice.com\\\/staging\\\/7542\\\/2026\\\/05\\\/02\\\/se-reconoce-el-servicio-comunitario\\\/#primaryimage\",\"url\":\"https:\\\/\\\/lenaweevoice.com\\\/staging\\\/7542\\\/wp-content\\\/uploads\\\/2026\\\/05\\\/2026-LCF-Award-Recipients-web-tn.jpg\",\"contentUrl\":\"https:\\\/\\\/lenaweevoice.com\\\/staging\\\/7542\\\/wp-content\\\/uploads\\\/2026\\\/05\\\/2026-LCF-Award-Recipients-web-tn.jpg\",\"width\":1100,\"height\":603},{\"@type\":\"BreadcrumbList\",\"@id\":\"https:\\\/\\\/lenaweevoice.com\\\/staging\\\/7542\\\/2026\\\/05\\\/02\\\/se-reconoce-el-servicio-comunitario\\\/#breadcrumb\",\"itemListElement\":[{\"@type\":\"ListItem\",\"position\":1,\"name\":\"Home\",\"item\":\"https:\\\/\\\/lenaweevoice.com\\\/staging\\\/7542\\\/\"},{\"@type\":\"ListItem\",\"position\":2,\"name\":\"Se reconoce el servicio comunitario\"}]},{\"@type\":\"WebSite\",\"@id\":\"https:\\\/\\\/lenaweevoice.com\\\/staging\\\/7542\\\/#website\",\"url\":\"https:\\\/\\\/lenaweevoice.com\\\/staging\\\/7542\\\/\",\"name\":\"The Lenawee Voice\",\"description\":\"Local news for the Adrian, Michigan area\",\"publisher\":{\"@id\":\"https:\\\/\\\/lenaweevoice.com\\\/staging\\\/7542\\\/#organization\"},\"potentialAction\":[{\"@type\":\"SearchAction\",\"target\":{\"@type\":\"EntryPoint\",\"urlTemplate\":\"https:\\\/\\\/lenaweevoice.com\\\/staging\\\/7542\\\/?s={search_term_string}\"},\"query-input\":{\"@type\":\"PropertyValueSpecification\",\"valueRequired\":true,\"valueName\":\"search_term_string\"}}],\"inLanguage\":\"en-US\"},{\"@type\":\"Organization\",\"@id\":\"https:\\\/\\\/lenaweevoice.com\\\/staging\\\/7542\\\/#organization\",\"name\":\"The Lenawee Voice\",\"url\":\"https:\\\/\\\/lenaweevoice.com\\\/staging\\\/7542\\\/\",\"logo\":{\"@type\":\"ImageObject\",\"inLanguage\":\"en-US\",\"@id\":\"https:\\\/\\\/lenaweevoice.com\\\/staging\\\/7542\\\/#\\\/schema\\\/logo\\\/image\\\/\",\"url\":\"https:\\\/\\\/lenaweevoice.com\\\/staging\\\/7542\\\/wp-content\\\/uploads\\\/2023\\\/08\\\/Lenawee-Voice-544x180-1.png\",\"contentUrl\":\"https:\\\/\\\/lenaweevoice.com\\\/staging\\\/7542\\\/wp-content\\\/uploads\\\/2023\\\/08\\\/Lenawee-Voice-544x180-1.png\",\"width\":544,\"height\":180,\"caption\":\"The Lenawee Voice\"},\"image\":{\"@id\":\"https:\\\/\\\/lenaweevoice.com\\\/staging\\\/7542\\\/#\\\/schema\\\/logo\\\/image\\\/\"}},{\"@type\":\"Person\",\"@id\":\"https:\\\/\\\/lenaweevoice.com\\\/staging\\\/7542\\\/#\\\/schema\\\/person\\\/a3dbe06f1af3e72ada6b9b909aa8f883\",\"name\":\"The Lenawee Voice\",\"image\":{\"@type\":\"ImageObject\",\"inLanguage\":\"en-US\",\"@id\":\"https:\\\/\\\/secure.gravatar.com\\\/avatar\\\/2fd02d52e94a0b5f1d1c9d109354935a18f4a085e4fa35816607fa416c712ced?s=96&d=mm&r=g\",\"url\":\"https:\\\/\\\/secure.gravatar.com\\\/avatar\\\/2fd02d52e94a0b5f1d1c9d109354935a18f4a085e4fa35816607fa416c712ced?s=96&d=mm&r=g\",\"contentUrl\":\"https:\\\/\\\/secure.gravatar.com\\\/avatar\\\/2fd02d52e94a0b5f1d1c9d109354935a18f4a085e4fa35816607fa416c712ced?s=96&d=mm&r=g\",\"caption\":\"The Lenawee Voice\"},\"url\":\"https:\\\/\\\/lenaweevoice.com\\\/staging\\\/7542\\\/author\\\/lenaweevoice\\\/\"}]}<\/script>\n<!-- \/ Yoast SEO plugin. -->","yoast_head_json":{"title":"Se reconoce el servicio comunitario | The Lenawee Voice","robots":{"index":"noindex","follow":"follow","max-snippet":"max-snippet:-1","max-image-preview":"max-image-preview:large","max-video-preview":"max-video-preview:-1"},"og_locale":"en_US","og_type":"article","og_title":"Se reconoce el servicio comunitario | The Lenawee Voice","og_description":"Lenawee Community Foundation homenaje\u00f3 a varios residentes locales por su servicio a la comunidad en un evento que tuvo lugar el 23 de abril en el Adrian Armory.\u00a0","og_url":"https:\/\/lenaweevoice.com\/staging\/7542\/2026\/05\/02\/se-reconoce-el-servicio-comunitario\/","og_site_name":"The Lenawee Voice","article_published_time":"2026-05-03T00:50:25+00:00","article_modified_time":"2026-05-03T00:50:26+00:00","og_image":[{"width":1100,"height":603,"url":"https:\/\/lenaweevoice.com\/staging\/7542\/wp-content\/uploads\/2026\/05\/2026-LCF-Award-Recipients-web-tn.jpg","type":"image\/jpeg"}],"author":"The Lenawee Voice","twitter_card":"summary_large_image","twitter_misc":{"Written by":"The Lenawee Voice","Est. reading time":"3 minutes"},"schema":{"@context":"https:\/\/schema.org","@graph":[{"@type":"Article","@id":"https:\/\/lenaweevoice.com\/staging\/7542\/2026\/05\/02\/se-reconoce-el-servicio-comunitario\/#article","isPartOf":{"@id":"https:\/\/lenaweevoice.com\/staging\/7542\/2026\/05\/02\/se-reconoce-el-servicio-comunitario\/"},"author":{"name":"The Lenawee Voice","@id":"https:\/\/lenaweevoice.com\/staging\/7542\/#\/schema\/person\/a3dbe06f1af3e72ada6b9b909aa8f883"},"headline":"Se reconoce el servicio comunitario","datePublished":"2026-05-03T00:50:25+00:00","dateModified":"2026-05-03T00:50:26+00:00","mainEntityOfPage":{"@id":"https:\/\/lenaweevoice.com\/staging\/7542\/2026\/05\/02\/se-reconoce-el-servicio-comunitario\/"},"wordCount":512,"commentCount":0,"publisher":{"@id":"https:\/\/lenaweevoice.com\/staging\/7542\/#organization"},"image":{"@id":"https:\/\/lenaweevoice.com\/staging\/7542\/2026\/05\/02\/se-reconoce-el-servicio-comunitario\/#primaryimage"},"thumbnailUrl":"https:\/\/lenaweevoice.com\/staging\/7542\/wp-content\/uploads\/2026\/05\/2026-LCF-Award-Recipients-web-tn.jpg","articleSection":["Noticias Locales"],"inLanguage":"en-US","potentialAction":[{"@type":"CommentAction","name":"Comment","target":["https:\/\/lenaweevoice.com\/staging\/7542\/2026\/05\/02\/se-reconoce-el-servicio-comunitario\/#respond"]}]},{"@type":"WebPage","@id":"https:\/\/lenaweevoice.com\/staging\/7542\/2026\/05\/02\/se-reconoce-el-servicio-comunitario\/","url":"https:\/\/lenaweevoice.com\/staging\/7542\/2026\/05\/02\/se-reconoce-el-servicio-comunitario\/","name":"Se reconoce el servicio comunitario | The Lenawee Voice","isPartOf":{"@id":"https:\/\/lenaweevoice.com\/staging\/7542\/#website"},"primaryImageOfPage":{"@id":"https:\/\/lenaweevoice.com\/staging\/7542\/2026\/05\/02\/se-reconoce-el-servicio-comunitario\/#primaryimage"},"image":{"@id":"https:\/\/lenaweevoice.com\/staging\/7542\/2026\/05\/02\/se-reconoce-el-servicio-comunitario\/#primaryimage"},"thumbnailUrl":"https:\/\/lenaweevoice.com\/staging\/7542\/wp-content\/uploads\/2026\/05\/2026-LCF-Award-Recipients-web-tn.jpg","datePublished":"2026-05-03T00:50:25+00:00","dateModified":"2026-05-03T00:50:26+00:00","breadcrumb":{"@id":"https:\/\/lenaweevoice.com\/staging\/7542\/2026\/05\/02\/se-reconoce-el-servicio-comunitario\/#breadcrumb"},"inLanguage":"en-US","potentialAction":[{"@type":"ReadAction","target":["https:\/\/lenaweevoice.com\/staging\/7542\/2026\/05\/02\/se-reconoce-el-servicio-comunitario\/"]}]},{"@type":"ImageObject","inLanguage":"en-US","@id":"https:\/\/lenaweevoice.com\/staging\/7542\/2026\/05\/02\/se-reconoce-el-servicio-comunitario\/#primaryimage","url":"https:\/\/lenaweevoice.com\/staging\/7542\/wp-content\/uploads\/2026\/05\/2026-LCF-Award-Recipients-web-tn.jpg","contentUrl":"https:\/\/lenaweevoice.com\/staging\/7542\/wp-content\/uploads\/2026\/05\/2026-LCF-Award-Recipients-web-tn.jpg","width":1100,"height":603},{"@type":"BreadcrumbList","@id":"https:\/\/lenaweevoice.com\/staging\/7542\/2026\/05\/02\/se-reconoce-el-servicio-comunitario\/#breadcrumb","itemListElement":[{"@type":"ListItem","position":1,"name":"Home","item":"https:\/\/lenaweevoice.com\/staging\/7542\/"},{"@type":"ListItem","position":2,"name":"Se reconoce el servicio comunitario"}]},{"@type":"WebSite","@id":"https:\/\/lenaweevoice.com\/staging\/7542\/#website","url":"https:\/\/lenaweevoice.com\/staging\/7542\/","name":"The Lenawee Voice","description":"Local news for the Adrian, Michigan area","publisher":{"@id":"https:\/\/lenaweevoice.com\/staging\/7542\/#organization"},"potentialAction":[{"@type":"SearchAction","target":{"@type":"EntryPoint","urlTemplate":"https:\/\/lenaweevoice.com\/staging\/7542\/?s={search_term_string}"},"query-input":{"@type":"PropertyValueSpecification","valueRequired":true,"valueName":"search_term_string"}}],"inLanguage":"en-US"},{"@type":"Organization","@id":"https:\/\/lenaweevoice.com\/staging\/7542\/#organization","name":"The Lenawee Voice","url":"https:\/\/lenaweevoice.com\/staging\/7542\/","logo":{"@type":"ImageObject","inLanguage":"en-US","@id":"https:\/\/lenaweevoice.com\/staging\/7542\/#\/schema\/logo\/image\/","url":"https:\/\/lenaweevoice.com\/staging\/7542\/wp-content\/uploads\/2023\/08\/Lenawee-Voice-544x180-1.png","contentUrl":"https:\/\/lenaweevoice.com\/staging\/7542\/wp-content\/uploads\/2023\/08\/Lenawee-Voice-544x180-1.png","width":544,"height":180,"caption":"The Lenawee Voice"},"image":{"@id":"https:\/\/lenaweevoice.com\/staging\/7542\/#\/schema\/logo\/image\/"}},{"@type":"Person","@id":"https:\/\/lenaweevoice.com\/staging\/7542\/#\/schema\/person\/a3dbe06f1af3e72ada6b9b909aa8f883","name":"The Lenawee Voice","image":{"@type":"ImageObject","inLanguage":"en-US","@id":"https:\/\/secure.gravatar.com\/avatar\/2fd02d52e94a0b5f1d1c9d109354935a18f4a085e4fa35816607fa416c712ced?s=96&d=mm&r=g","url":"https:\/\/secure.gravatar.com\/avatar\/2fd02d52e94a0b5f1d1c9d109354935a18f4a085e4fa35816607fa416c712ced?s=96&d=mm&r=g","contentUrl":"https:\/\/secure.gravatar.com\/avatar\/2fd02d52e94a0b5f1d1c9d109354935a18f4a085e4fa35816607fa416c712ced?s=96&d=mm&r=g","caption":"The Lenawee Voice"},"url":"https:\/\/lenaweevoice.com\/staging\/7542\/author\/lenaweevoice\/"}]}},"_links":{"self":[{"href":"https:\/\/lenaweevoice.com\/staging\/7542\/wp-json\/wp\/v2\/posts\/4363","targetHints":{"allow":["GET"]}}],"collection":[{"href":"https:\/\/lenaweevoice.com\/staging\/7542\/wp-json\/wp\/v2\/posts"}],"about":[{"href":"https:\/\/lenaweevoice.com\/staging\/7542\/wp-json\/wp\/v2\/types\/post"}],"author":[{"embeddable":true,"href":"https:\/\/lenaweevoice.com\/staging\/7542\/wp-json\/wp\/v2\/users\/4"}],"replies":[{"embeddable":true,"href":"https:\/\/lenaweevoice.com\/staging\/7542\/wp-json\/wp\/v2\/comments?post=4363"}],"version-history":[{"count":1,"href":"https:\/\/lenaweevoice.com\/staging\/7542\/wp-json\/wp\/v2\/posts\/4363\/revisions"}],"predecessor-version":[{"id":4364,"href":"https:\/\/lenaweevoice.com\/staging\/7542\/wp-json\/wp\/v2\/posts\/4363\/revisions\/4364"}],"wp:featuredmedia":[{"embeddable":true,"href":"https:\/\/lenaweevoice.com\/staging\/7542\/wp-json\/wp\/v2\/media\/4359"}],"wp:attachment":[{"href":"https:\/\/lenaweevoice.com\/staging\/7542\/wp-json\/wp\/v2\/media?parent=4363"}],"wp:term":[{"taxonomy":"category","embeddable":true,"href":"https:\/\/lenaweevoice.com\/staging\/7542\/wp-json\/wp\/v2\/categories?post=4363"},{"taxonomy":"post_tag","embeddable":true,"href":"https:\/\/lenaweevoice.com\/staging\/7542\/wp-json\/wp\/v2\/tags?post=4363"},{"taxonomy":"community","embeddable":true,"href":"https:\/\/lenaweevoice.com\/staging\/7542\/wp-json\/wp\/v2\/community?post=4363"}],"curies":[{"name":"wp","href":"https:\/\/api.w.org\/{rel}","templated":true}]}}