{"id":4094,"date":"2026-03-04T20:34:09","date_gmt":"2026-03-05T01:34:09","guid":{"rendered":"https:\/\/lenaweevoice.com\/?p=4094"},"modified":"2026-09-03T23:50:25","modified_gmt":"2026-09-04T04:50:25","slug":"exposicion-sobre-el-holocausto-se-exhibe-en-adrian","status":"publish","type":"post","link":"https:\/\/lenaweevoice.com\/staging\/7542\/2026\/03\/04\/exposicion-sobre-el-holocausto-se-exhibe-en-adrian\/","title":{"rendered":"Exposici\u00f3n sobre el Holocausto se exhibe en Adrian"},"content":{"rendered":"\n<figure class=\"wp-block-image size-large\"><img loading=\"lazy\" decoding=\"async\" width=\"1024\" height=\"587\" src=\"http:\/\/lenaweevoice.com\/staging\/7542\/wp-content\/uploads\/2026\/03\/Holocaust-museum-1-1024x587.jpg\" alt=\"Sheri Reeves Bleam shows Bob Behnke a collection of photographs and documents belonging to her mother, an Austrian citizen who lived under the Nazi regime. The papers are part of a temporary exhibit about the Holocaust that will be displayed at the Gallery of Shops in downtown Adrian through April 26. (Photo by Erik Gable)\" class=\"wp-image-4090\" srcset=\"https:\/\/lenaweevoice.com\/staging\/7542\/wp-content\/uploads\/2026\/03\/Holocaust-museum-1-1024x587.jpg 1024w, https:\/\/lenaweevoice.com\/staging\/7542\/wp-content\/uploads\/2026\/03\/Holocaust-museum-1-300x172.jpg 300w, https:\/\/lenaweevoice.com\/staging\/7542\/wp-content\/uploads\/2026\/03\/Holocaust-museum-1-768x440.jpg 768w, https:\/\/lenaweevoice.com\/staging\/7542\/wp-content\/uploads\/2026\/03\/Holocaust-museum-1-150x86.jpg 150w, https:\/\/lenaweevoice.com\/staging\/7542\/wp-content\/uploads\/2026\/03\/Holocaust-museum-1-696x399.jpg 696w, https:\/\/lenaweevoice.com\/staging\/7542\/wp-content\/uploads\/2026\/03\/Holocaust-museum-1-1068x612.jpg 1068w, https:\/\/lenaweevoice.com\/staging\/7542\/wp-content\/uploads\/2026\/03\/Holocaust-museum-1.jpg 1200w\" sizes=\"auto, (max-width: 1024px) 100vw, 1024px\" \/><figcaption class=\"wp-element-caption\">Sheri Reeves Bleam y Bob Behnke revisan documentos que pertenecieron a la madre de Bleam, Helene Riegler. Los papeles documentan el trabajo forzado de Riegler en Austria durante la ocupaci\u00f3n nazi.<\/figcaption><\/figure>\n\n\n\n<p class=\"wp-block-paragraph\">ADRIAN\u00a0\u2014 Un museo temporal sobre el Holocausto estar\u00e1 en exhibici\u00f3n en el Centro de Adrian del 3 de marzo al 26 de abril.\u00a0<\/p>\n\n\n\n<p class=\"wp-block-paragraph\">El museo est\u00e1 ubicado en 136 E. Maumee St., Suite 6. Est\u00e1 dentro de la Galer\u00eda de Tiendas, y la entrada est\u00e1 inmediatamente al oeste de la entrada principal de la Galer\u00eda de Tiendas.&nbsp;<\/p>\n\n\n\n<p class=\"wp-block-paragraph\">Los horarios de la exposici\u00f3n son de lunes a viernes de 11 am a 6 pm y los s\u00e1bados de 11 am a 5 pm. Tambi\u00e9n se pueden organizar visitas en grupo.&nbsp;<\/p>\n\n\n\n<p class=\"wp-block-paragraph\">El museo incluye una exposici\u00f3n itinerante organizada por el Centro del Holocausto Zekelman en Farmington Hills, combinada con exhibiciones locales.&nbsp;<\/p>\n\n\n\n<p class=\"wp-block-paragraph\">La exhibici\u00f3n itinerante es un nuevo programa para el Centro del Holocausto Zekelman, y Adrian es s\u00f3lo el segundo lugar que la albergar\u00e1.&nbsp;<\/p>\n\n\n\n<p class=\"wp-block-paragraph\">Las exhibiciones locales fueron ensambladas por Bob Behnke, educador jubilado y Comisionado de la Ciudad de Adrian y su esposo, Will Camp. Contaron con la ayuda de varios voluntarios, as\u00ed como de miembros de la comunidad que aportaron art\u00edculos para la exhibici\u00f3n.&nbsp;<\/p>\n\n\n\n<p class=\"wp-block-paragraph\">Las ventanas frente al espacio est\u00e1n llenas de fotograf\u00edas que muestran la vida cotidiana de los residentes jud\u00edos de Alemania y los pa\u00edses vecinos antes de que los nazis llegaran al poder.&nbsp;<\/p>\n\n\n\n<p class=\"wp-block-paragraph\">Grandes paneles cuentan la historia del ascenso de Hitler al poder, su uso de propaganda antisemita y las herramientas que utilizaron los nazis para asesinar sistem\u00e1ticamente a jud\u00edos y otras v\u00edctimas.&nbsp;<\/p>\n\n\n\n<p class=\"wp-block-paragraph\">Una secci\u00f3n del museo describe los diferentes grupos que fueron blanco de los nazis. Adem\u00e1s de los jud\u00edos, estos grupos inclu\u00edan a personas homosexuales y transg\u00e9nero, testigos de Jehov\u00e1, disidentes pol\u00edticos, personas con discapacidad y los roman\u00edes y sintis, a menudo llamados gitanos.&nbsp;<\/p>\n\n\n\n<p class=\"wp-block-paragraph\">Las reproducciones de art\u00edculos del Adrian Daily Telegram permitir\u00e1n a los visitantes del museo ver lo que los residentes del Condado de Lenawee en ese momento habr\u00edan sabido sobre el Holocausto a trav\u00e9s de relatos escritos.&nbsp;<\/p>\n\n\n\n<p class=\"wp-block-paragraph\">Los visitantes tambi\u00e9n pueden aprender sobre los prisioneros de guerra alemanes que estuvieron retenidos en un campo cerca de Blissfield y sobre el impacto de la Segunda Guerra Mundial en la comunidad hispana de Adrian.<\/p>\n\n\n\n<p class=\"wp-block-paragraph\">Los objetos de la exposici\u00f3n incluyen documentos que le pertenecieron a Helene Riegler, ciudadana austriaca que pas\u00f3 un a\u00f1o realizando trabajos forzados bajo el r\u00e9gimen nazi. Estos\u00a0materiales fueron prestados a la exposici\u00f3n por su hija, Sheri Reeves Bleam, quien vive en Adrian.<\/p>\n\n\n\n<p class=\"wp-block-paragraph\">En el espacio tambi\u00e9n se ofrecer\u00e1n diversas clases.&nbsp;<\/p>\n\n\n\n<p class=\"wp-block-paragraph\">Para obtener m\u00e1s informaci\u00f3n, visite <a href=\"https:\/\/adriandiversityeventfund.org\">adriandiversityeventfund.org<\/a>.<\/p>\n\n\n\n<p class=\"has-text-align-right wp-block-paragraph\"><em>\u2014 Articulo original por Erik Gable; traducido por Lizbeth P\u00e9rez-C\u00e1zares<\/em><\/p>\n","protected":false},"excerpt":{"rendered":"<p>Un museo temporal sobre el Holocausto estar\u00e1 en exhibici\u00f3n en el Centro de Adrian del 3 de marzo al 26 de abril.<\/p>\n","protected":false},"author":4,"featured_media":4090,"comment_status":"open","ping_status":"open","sticky":false,"template":"","format":"standard","meta":{"nf_dc_page":"","om_disable_all_campaigns":false,"_monsterinsights_skip_tracking":false,"footnotes":""},"categories":[34],"tags":[],"community":[62],"class_list":["post-4094","post","type-post","status-publish","format-standard","has-post-thumbnail","category-es","community-adrian"],"yoast_head":"<!-- This site is optimized with the Yoast SEO plugin v28.4 - https:\/\/yoast.com\/product\/yoast-seo-wordpress\/ -->\n<title>Exposici\u00f3n sobre el Holocausto se exhibe en Adrian | The Lenawee Voice<\/title>\n<meta name=\"robots\" content=\"noindex, follow, max-snippet:-1, max-image-preview:large, max-video-preview:-1\" \/>\n<meta property=\"og:locale\" content=\"en_US\" \/>\n<meta property=\"og:type\" content=\"article\" \/>\n<meta property=\"og:title\" content=\"Exposici\u00f3n sobre el Holocausto se exhibe en Adrian | The Lenawee Voice\" \/>\n<meta property=\"og:description\" content=\"Un museo temporal sobre el Holocausto estar\u00e1 en exhibici\u00f3n en el Centro de Adrian del 3 de marzo al 26 de abril.\" \/>\n<meta property=\"og:url\" content=\"https:\/\/lenaweevoice.com\/staging\/7542\/2026\/03\/04\/exposicion-sobre-el-holocausto-se-exhibe-en-adrian\/\" \/>\n<meta property=\"og:site_name\" content=\"The Lenawee Voice\" \/>\n<meta property=\"article:published_time\" content=\"2026-03-05T01:34:09+00:00\" \/>\n<meta property=\"article:modified_time\" content=\"2026-09-04T04:50:25+00:00\" \/>\n<meta property=\"og:image\" content=\"https:\/\/lenaweevoice.com\/staging\/7542\/wp-content\/uploads\/2026\/03\/Holocaust-museum-1.jpg\" \/>\n\t<meta property=\"og:image:width\" content=\"1200\" \/>\n\t<meta property=\"og:image:height\" content=\"688\" \/>\n\t<meta property=\"og:image:type\" content=\"image\/jpeg\" \/>\n<meta name=\"author\" content=\"The Lenawee Voice\" \/>\n<meta name=\"twitter:card\" content=\"summary_large_image\" \/>\n<meta name=\"twitter:label1\" content=\"Written by\" \/>\n\t<meta name=\"twitter:data1\" content=\"The Lenawee Voice\" \/>\n\t<meta name=\"twitter:label2\" content=\"Est. reading time\" \/>\n\t<meta name=\"twitter:data2\" content=\"3 minutes\" \/>\n<script type=\"application\/ld+json\" class=\"yoast-schema-graph\">{\"@context\":\"https:\\\/\\\/schema.org\",\"@graph\":[{\"@type\":\"Article\",\"@id\":\"https:\\\/\\\/lenaweevoice.com\\\/staging\\\/7542\\\/2026\\\/03\\\/04\\\/exposicion-sobre-el-holocausto-se-exhibe-en-adrian\\\/#article\",\"isPartOf\":{\"@id\":\"https:\\\/\\\/lenaweevoice.com\\\/staging\\\/7542\\\/2026\\\/03\\\/04\\\/exposicion-sobre-el-holocausto-se-exhibe-en-adrian\\\/\"},\"author\":{\"name\":\"The Lenawee Voice\",\"@id\":\"https:\\\/\\\/lenaweevoice.com\\\/staging\\\/7542\\\/#\\\/schema\\\/person\\\/a3dbe06f1af3e72ada6b9b909aa8f883\"},\"headline\":\"Exposici\u00f3n sobre el Holocausto se exhibe en Adrian\",\"datePublished\":\"2026-03-05T01:34:09+00:00\",\"dateModified\":\"2026-09-04T04:50:25+00:00\",\"mainEntityOfPage\":{\"@id\":\"https:\\\/\\\/lenaweevoice.com\\\/staging\\\/7542\\\/2026\\\/03\\\/04\\\/exposicion-sobre-el-holocausto-se-exhibe-en-adrian\\\/\"},\"wordCount\":501,\"commentCount\":0,\"publisher\":{\"@id\":\"https:\\\/\\\/lenaweevoice.com\\\/staging\\\/7542\\\/#organization\"},\"image\":{\"@id\":\"https:\\\/\\\/lenaweevoice.com\\\/staging\\\/7542\\\/2026\\\/03\\\/04\\\/exposicion-sobre-el-holocausto-se-exhibe-en-adrian\\\/#primaryimage\"},\"thumbnailUrl\":\"https:\\\/\\\/lenaweevoice.com\\\/staging\\\/7542\\\/wp-content\\\/uploads\\\/2026\\\/03\\\/Holocaust-museum-1.jpg\",\"articleSection\":[\"Noticias Locales\"],\"inLanguage\":\"en-US\",\"potentialAction\":[{\"@type\":\"CommentAction\",\"name\":\"Comment\",\"target\":[\"https:\\\/\\\/lenaweevoice.com\\\/staging\\\/7542\\\/2026\\\/03\\\/04\\\/exposicion-sobre-el-holocausto-se-exhibe-en-adrian\\\/#respond\"]}]},{\"@type\":\"WebPage\",\"@id\":\"https:\\\/\\\/lenaweevoice.com\\\/staging\\\/7542\\\/2026\\\/03\\\/04\\\/exposicion-sobre-el-holocausto-se-exhibe-en-adrian\\\/\",\"url\":\"https:\\\/\\\/lenaweevoice.com\\\/staging\\\/7542\\\/2026\\\/03\\\/04\\\/exposicion-sobre-el-holocausto-se-exhibe-en-adrian\\\/\",\"name\":\"Exposici\u00f3n sobre el Holocausto se exhibe en Adrian | The Lenawee Voice\",\"isPartOf\":{\"@id\":\"https:\\\/\\\/lenaweevoice.com\\\/staging\\\/7542\\\/#website\"},\"primaryImageOfPage\":{\"@id\":\"https:\\\/\\\/lenaweevoice.com\\\/staging\\\/7542\\\/2026\\\/03\\\/04\\\/exposicion-sobre-el-holocausto-se-exhibe-en-adrian\\\/#primaryimage\"},\"image\":{\"@id\":\"https:\\\/\\\/lenaweevoice.com\\\/staging\\\/7542\\\/2026\\\/03\\\/04\\\/exposicion-sobre-el-holocausto-se-exhibe-en-adrian\\\/#primaryimage\"},\"thumbnailUrl\":\"https:\\\/\\\/lenaweevoice.com\\\/staging\\\/7542\\\/wp-content\\\/uploads\\\/2026\\\/03\\\/Holocaust-museum-1.jpg\",\"datePublished\":\"2026-03-05T01:34:09+00:00\",\"dateModified\":\"2026-09-04T04:50:25+00:00\",\"breadcrumb\":{\"@id\":\"https:\\\/\\\/lenaweevoice.com\\\/staging\\\/7542\\\/2026\\\/03\\\/04\\\/exposicion-sobre-el-holocausto-se-exhibe-en-adrian\\\/#breadcrumb\"},\"inLanguage\":\"en-US\",\"potentialAction\":[{\"@type\":\"ReadAction\",\"target\":[\"https:\\\/\\\/lenaweevoice.com\\\/staging\\\/7542\\\/2026\\\/03\\\/04\\\/exposicion-sobre-el-holocausto-se-exhibe-en-adrian\\\/\"]}]},{\"@type\":\"ImageObject\",\"inLanguage\":\"en-US\",\"@id\":\"https:\\\/\\\/lenaweevoice.com\\\/staging\\\/7542\\\/2026\\\/03\\\/04\\\/exposicion-sobre-el-holocausto-se-exhibe-en-adrian\\\/#primaryimage\",\"url\":\"https:\\\/\\\/lenaweevoice.com\\\/staging\\\/7542\\\/wp-content\\\/uploads\\\/2026\\\/03\\\/Holocaust-museum-1.jpg\",\"contentUrl\":\"https:\\\/\\\/lenaweevoice.com\\\/staging\\\/7542\\\/wp-content\\\/uploads\\\/2026\\\/03\\\/Holocaust-museum-1.jpg\",\"width\":1200,\"height\":688,\"caption\":\"Sheri Reeves Bleam shows Bob Behnke a collection of photographs and documents belonging to her mother, an Austrian citizen who lived under the Nazi regime. The papers are part of a temporary exhibit about the Holocaust that will be displayed at the Gallery of Shops in downtown Adrian through April 26. (Photo by Erik Gable)\"},{\"@type\":\"BreadcrumbList\",\"@id\":\"https:\\\/\\\/lenaweevoice.com\\\/staging\\\/7542\\\/2026\\\/03\\\/04\\\/exposicion-sobre-el-holocausto-se-exhibe-en-adrian\\\/#breadcrumb\",\"itemListElement\":[{\"@type\":\"ListItem\",\"position\":1,\"name\":\"Home\",\"item\":\"https:\\\/\\\/lenaweevoice.com\\\/staging\\\/7542\\\/\"},{\"@type\":\"ListItem\",\"position\":2,\"name\":\"Exposici\u00f3n sobre el Holocausto se exhibe en Adrian\"}]},{\"@type\":\"WebSite\",\"@id\":\"https:\\\/\\\/lenaweevoice.com\\\/staging\\\/7542\\\/#website\",\"url\":\"https:\\\/\\\/lenaweevoice.com\\\/staging\\\/7542\\\/\",\"name\":\"The Lenawee Voice\",\"description\":\"Local news for the Adrian, Michigan area\",\"publisher\":{\"@id\":\"https:\\\/\\\/lenaweevoice.com\\\/staging\\\/7542\\\/#organization\"},\"potentialAction\":[{\"@type\":\"SearchAction\",\"target\":{\"@type\":\"EntryPoint\",\"urlTemplate\":\"https:\\\/\\\/lenaweevoice.com\\\/staging\\\/7542\\\/?s={search_term_string}\"},\"query-input\":{\"@type\":\"PropertyValueSpecification\",\"valueRequired\":true,\"valueName\":\"search_term_string\"}}],\"inLanguage\":\"en-US\"},{\"@type\":\"Organization\",\"@id\":\"https:\\\/\\\/lenaweevoice.com\\\/staging\\\/7542\\\/#organization\",\"name\":\"The Lenawee Voice\",\"url\":\"https:\\\/\\\/lenaweevoice.com\\\/staging\\\/7542\\\/\",\"logo\":{\"@type\":\"ImageObject\",\"inLanguage\":\"en-US\",\"@id\":\"https:\\\/\\\/lenaweevoice.com\\\/staging\\\/7542\\\/#\\\/schema\\\/logo\\\/image\\\/\",\"url\":\"https:\\\/\\\/lenaweevoice.com\\\/staging\\\/7542\\\/wp-content\\\/uploads\\\/2023\\\/08\\\/Lenawee-Voice-544x180-1.png\",\"contentUrl\":\"https:\\\/\\\/lenaweevoice.com\\\/staging\\\/7542\\\/wp-content\\\/uploads\\\/2023\\\/08\\\/Lenawee-Voice-544x180-1.png\",\"width\":544,\"height\":180,\"caption\":\"The Lenawee Voice\"},\"image\":{\"@id\":\"https:\\\/\\\/lenaweevoice.com\\\/staging\\\/7542\\\/#\\\/schema\\\/logo\\\/image\\\/\"}},{\"@type\":\"Person\",\"@id\":\"https:\\\/\\\/lenaweevoice.com\\\/staging\\\/7542\\\/#\\\/schema\\\/person\\\/a3dbe06f1af3e72ada6b9b909aa8f883\",\"name\":\"The Lenawee Voice\",\"image\":{\"@type\":\"ImageObject\",\"inLanguage\":\"en-US\",\"@id\":\"https:\\\/\\\/secure.gravatar.com\\\/avatar\\\/2fd02d52e94a0b5f1d1c9d109354935a18f4a085e4fa35816607fa416c712ced?s=96&d=mm&r=g\",\"url\":\"https:\\\/\\\/secure.gravatar.com\\\/avatar\\\/2fd02d52e94a0b5f1d1c9d109354935a18f4a085e4fa35816607fa416c712ced?s=96&d=mm&r=g\",\"contentUrl\":\"https:\\\/\\\/secure.gravatar.com\\\/avatar\\\/2fd02d52e94a0b5f1d1c9d109354935a18f4a085e4fa35816607fa416c712ced?s=96&d=mm&r=g\",\"caption\":\"The Lenawee Voice\"},\"url\":\"https:\\\/\\\/lenaweevoice.com\\\/staging\\\/7542\\\/author\\\/lenaweevoice\\\/\"}]}<\/script>\n<!-- \/ Yoast SEO plugin. -->","yoast_head_json":{"title":"Exposici\u00f3n sobre el Holocausto se exhibe en Adrian | The Lenawee Voice","robots":{"index":"noindex","follow":"follow","max-snippet":"max-snippet:-1","max-image-preview":"max-image-preview:large","max-video-preview":"max-video-preview:-1"},"og_locale":"en_US","og_type":"article","og_title":"Exposici\u00f3n sobre el Holocausto se exhibe en Adrian | The Lenawee Voice","og_description":"Un museo temporal sobre el Holocausto estar\u00e1 en exhibici\u00f3n en el Centro de Adrian del 3 de marzo al 26 de abril.","og_url":"https:\/\/lenaweevoice.com\/staging\/7542\/2026\/03\/04\/exposicion-sobre-el-holocausto-se-exhibe-en-adrian\/","og_site_name":"The Lenawee Voice","article_published_time":"2026-03-05T01:34:09+00:00","article_modified_time":"2026-09-04T04:50:25+00:00","og_image":[{"width":1200,"height":688,"url":"https:\/\/lenaweevoice.com\/staging\/7542\/wp-content\/uploads\/2026\/03\/Holocaust-museum-1.jpg","type":"image\/jpeg"}],"author":"The Lenawee Voice","twitter_card":"summary_large_image","twitter_misc":{"Written by":"The Lenawee Voice","Est. reading time":"3 minutes"},"schema":{"@context":"https:\/\/schema.org","@graph":[{"@type":"Article","@id":"https:\/\/lenaweevoice.com\/staging\/7542\/2026\/03\/04\/exposicion-sobre-el-holocausto-se-exhibe-en-adrian\/#article","isPartOf":{"@id":"https:\/\/lenaweevoice.com\/staging\/7542\/2026\/03\/04\/exposicion-sobre-el-holocausto-se-exhibe-en-adrian\/"},"author":{"name":"The Lenawee Voice","@id":"https:\/\/lenaweevoice.com\/staging\/7542\/#\/schema\/person\/a3dbe06f1af3e72ada6b9b909aa8f883"},"headline":"Exposici\u00f3n sobre el Holocausto se exhibe en Adrian","datePublished":"2026-03-05T01:34:09+00:00","dateModified":"2026-09-04T04:50:25+00:00","mainEntityOfPage":{"@id":"https:\/\/lenaweevoice.com\/staging\/7542\/2026\/03\/04\/exposicion-sobre-el-holocausto-se-exhibe-en-adrian\/"},"wordCount":501,"commentCount":0,"publisher":{"@id":"https:\/\/lenaweevoice.com\/staging\/7542\/#organization"},"image":{"@id":"https:\/\/lenaweevoice.com\/staging\/7542\/2026\/03\/04\/exposicion-sobre-el-holocausto-se-exhibe-en-adrian\/#primaryimage"},"thumbnailUrl":"https:\/\/lenaweevoice.com\/staging\/7542\/wp-content\/uploads\/2026\/03\/Holocaust-museum-1.jpg","articleSection":["Noticias Locales"],"inLanguage":"en-US","potentialAction":[{"@type":"CommentAction","name":"Comment","target":["https:\/\/lenaweevoice.com\/staging\/7542\/2026\/03\/04\/exposicion-sobre-el-holocausto-se-exhibe-en-adrian\/#respond"]}]},{"@type":"WebPage","@id":"https:\/\/lenaweevoice.com\/staging\/7542\/2026\/03\/04\/exposicion-sobre-el-holocausto-se-exhibe-en-adrian\/","url":"https:\/\/lenaweevoice.com\/staging\/7542\/2026\/03\/04\/exposicion-sobre-el-holocausto-se-exhibe-en-adrian\/","name":"Exposici\u00f3n sobre el Holocausto se exhibe en Adrian | The Lenawee Voice","isPartOf":{"@id":"https:\/\/lenaweevoice.com\/staging\/7542\/#website"},"primaryImageOfPage":{"@id":"https:\/\/lenaweevoice.com\/staging\/7542\/2026\/03\/04\/exposicion-sobre-el-holocausto-se-exhibe-en-adrian\/#primaryimage"},"image":{"@id":"https:\/\/lenaweevoice.com\/staging\/7542\/2026\/03\/04\/exposicion-sobre-el-holocausto-se-exhibe-en-adrian\/#primaryimage"},"thumbnailUrl":"https:\/\/lenaweevoice.com\/staging\/7542\/wp-content\/uploads\/2026\/03\/Holocaust-museum-1.jpg","datePublished":"2026-03-05T01:34:09+00:00","dateModified":"2026-09-04T04:50:25+00:00","breadcrumb":{"@id":"https:\/\/lenaweevoice.com\/staging\/7542\/2026\/03\/04\/exposicion-sobre-el-holocausto-se-exhibe-en-adrian\/#breadcrumb"},"inLanguage":"en-US","potentialAction":[{"@type":"ReadAction","target":["https:\/\/lenaweevoice.com\/staging\/7542\/2026\/03\/04\/exposicion-sobre-el-holocausto-se-exhibe-en-adrian\/"]}]},{"@type":"ImageObject","inLanguage":"en-US","@id":"https:\/\/lenaweevoice.com\/staging\/7542\/2026\/03\/04\/exposicion-sobre-el-holocausto-se-exhibe-en-adrian\/#primaryimage","url":"https:\/\/lenaweevoice.com\/staging\/7542\/wp-content\/uploads\/2026\/03\/Holocaust-museum-1.jpg","contentUrl":"https:\/\/lenaweevoice.com\/staging\/7542\/wp-content\/uploads\/2026\/03\/Holocaust-museum-1.jpg","width":1200,"height":688,"caption":"Sheri Reeves Bleam shows Bob Behnke a collection of photographs and documents belonging to her mother, an Austrian citizen who lived under the Nazi regime. The papers are part of a temporary exhibit about the Holocaust that will be displayed at the Gallery of Shops in downtown Adrian through April 26. (Photo by Erik Gable)"},{"@type":"BreadcrumbList","@id":"https:\/\/lenaweevoice.com\/staging\/7542\/2026\/03\/04\/exposicion-sobre-el-holocausto-se-exhibe-en-adrian\/#breadcrumb","itemListElement":[{"@type":"ListItem","position":1,"name":"Home","item":"https:\/\/lenaweevoice.com\/staging\/7542\/"},{"@type":"ListItem","position":2,"name":"Exposici\u00f3n sobre el Holocausto se exhibe en Adrian"}]},{"@type":"WebSite","@id":"https:\/\/lenaweevoice.com\/staging\/7542\/#website","url":"https:\/\/lenaweevoice.com\/staging\/7542\/","name":"The Lenawee Voice","description":"Local news for the Adrian, Michigan area","publisher":{"@id":"https:\/\/lenaweevoice.com\/staging\/7542\/#organization"},"potentialAction":[{"@type":"SearchAction","target":{"@type":"EntryPoint","urlTemplate":"https:\/\/lenaweevoice.com\/staging\/7542\/?s={search_term_string}"},"query-input":{"@type":"PropertyValueSpecification","valueRequired":true,"valueName":"search_term_string"}}],"inLanguage":"en-US"},{"@type":"Organization","@id":"https:\/\/lenaweevoice.com\/staging\/7542\/#organization","name":"The Lenawee Voice","url":"https:\/\/lenaweevoice.com\/staging\/7542\/","logo":{"@type":"ImageObject","inLanguage":"en-US","@id":"https:\/\/lenaweevoice.com\/staging\/7542\/#\/schema\/logo\/image\/","url":"https:\/\/lenaweevoice.com\/staging\/7542\/wp-content\/uploads\/2023\/08\/Lenawee-Voice-544x180-1.png","contentUrl":"https:\/\/lenaweevoice.com\/staging\/7542\/wp-content\/uploads\/2023\/08\/Lenawee-Voice-544x180-1.png","width":544,"height":180,"caption":"The Lenawee Voice"},"image":{"@id":"https:\/\/lenaweevoice.com\/staging\/7542\/#\/schema\/logo\/image\/"}},{"@type":"Person","@id":"https:\/\/lenaweevoice.com\/staging\/7542\/#\/schema\/person\/a3dbe06f1af3e72ada6b9b909aa8f883","name":"The Lenawee Voice","image":{"@type":"ImageObject","inLanguage":"en-US","@id":"https:\/\/secure.gravatar.com\/avatar\/2fd02d52e94a0b5f1d1c9d109354935a18f4a085e4fa35816607fa416c712ced?s=96&d=mm&r=g","url":"https:\/\/secure.gravatar.com\/avatar\/2fd02d52e94a0b5f1d1c9d109354935a18f4a085e4fa35816607fa416c712ced?s=96&d=mm&r=g","contentUrl":"https:\/\/secure.gravatar.com\/avatar\/2fd02d52e94a0b5f1d1c9d109354935a18f4a085e4fa35816607fa416c712ced?s=96&d=mm&r=g","caption":"The Lenawee Voice"},"url":"https:\/\/lenaweevoice.com\/staging\/7542\/author\/lenaweevoice\/"}]}},"_links":{"self":[{"href":"https:\/\/lenaweevoice.com\/staging\/7542\/wp-json\/wp\/v2\/posts\/4094","targetHints":{"allow":["GET"]}}],"collection":[{"href":"https:\/\/lenaweevoice.com\/staging\/7542\/wp-json\/wp\/v2\/posts"}],"about":[{"href":"https:\/\/lenaweevoice.com\/staging\/7542\/wp-json\/wp\/v2\/types\/post"}],"author":[{"embeddable":true,"href":"https:\/\/lenaweevoice.com\/staging\/7542\/wp-json\/wp\/v2\/users\/4"}],"replies":[{"embeddable":true,"href":"https:\/\/lenaweevoice.com\/staging\/7542\/wp-json\/wp\/v2\/comments?post=4094"}],"version-history":[{"count":1,"href":"https:\/\/lenaweevoice.com\/staging\/7542\/wp-json\/wp\/v2\/posts\/4094\/revisions"}],"predecessor-version":[{"id":4095,"href":"https:\/\/lenaweevoice.com\/staging\/7542\/wp-json\/wp\/v2\/posts\/4094\/revisions\/4095"}],"wp:featuredmedia":[{"embeddable":true,"href":"https:\/\/lenaweevoice.com\/staging\/7542\/wp-json\/wp\/v2\/media\/4090"}],"wp:attachment":[{"href":"https:\/\/lenaweevoice.com\/staging\/7542\/wp-json\/wp\/v2\/media?parent=4094"}],"wp:term":[{"taxonomy":"category","embeddable":true,"href":"https:\/\/lenaweevoice.com\/staging\/7542\/wp-json\/wp\/v2\/categories?post=4094"},{"taxonomy":"post_tag","embeddable":true,"href":"https:\/\/lenaweevoice.com\/staging\/7542\/wp-json\/wp\/v2\/tags?post=4094"},{"taxonomy":"community","embeddable":true,"href":"https:\/\/lenaweevoice.com\/staging\/7542\/wp-json\/wp\/v2\/community?post=4094"}],"curies":[{"name":"wp","href":"https:\/\/api.w.org\/{rel}","templated":true}]}}