{"id":3934,"date":"2025-12-31T16:03:02","date_gmt":"2025-12-31T21:03:02","guid":{"rendered":"https:\/\/lenaweevoice.com\/?p=3934"},"modified":"2025-12-31T16:08:31","modified_gmt":"2025-12-31T21:08:31","slug":"charla-aborda-ley-migratoria-y-derechos-civiles","status":"publish","type":"post","link":"https:\/\/lenaweevoice.com\/staging\/7542\/2025\/12\/31\/charla-aborda-ley-migratoria-y-derechos-civiles\/","title":{"rendered":"Charla aborda ley migratoria y derechos civiles"},"content":{"rendered":"\n<figure class=\"wp-block-image size-large\"><img loading=\"lazy\" decoding=\"async\" width=\"1024\" height=\"598\" src=\"http:\/\/lenaweevoice.com\/staging\/7542\/wp-content\/uploads\/2025\/12\/Sister_Attracta_Kelly_web-1024x598.jpg\" alt=\"\" class=\"wp-image-3933\" srcset=\"https:\/\/lenaweevoice.com\/staging\/7542\/wp-content\/uploads\/2025\/12\/Sister_Attracta_Kelly_web-1024x598.jpg 1024w, https:\/\/lenaweevoice.com\/staging\/7542\/wp-content\/uploads\/2025\/12\/Sister_Attracta_Kelly_web-300x175.jpg 300w, https:\/\/lenaweevoice.com\/staging\/7542\/wp-content\/uploads\/2025\/12\/Sister_Attracta_Kelly_web-768x449.jpg 768w, https:\/\/lenaweevoice.com\/staging\/7542\/wp-content\/uploads\/2025\/12\/Sister_Attracta_Kelly_web-150x88.jpg 150w, https:\/\/lenaweevoice.com\/staging\/7542\/wp-content\/uploads\/2025\/12\/Sister_Attracta_Kelly_web-696x407.jpg 696w, https:\/\/lenaweevoice.com\/staging\/7542\/wp-content\/uploads\/2025\/12\/Sister_Attracta_Kelly_web-1068x624.jpg 1068w, https:\/\/lenaweevoice.com\/staging\/7542\/wp-content\/uploads\/2025\/12\/Sister_Attracta_Kelly_web.jpg 1200w\" sizes=\"auto, (max-width: 1024px) 100vw, 1024px\" \/><figcaption class=\"wp-element-caption\">La hermana Attracta Kelly, OP, habla durante una charla reciente sobre la ley de inmigraci\u00f3n en el Centro Weber en Adrian. &nbsp;<\/figcaption><\/figure>\n\n\n\n<p class=\"wp-block-paragraph\">ADRIAN&nbsp;\u2014 El estado actual de la inmigraci\u00f3n en los Estados Unidos fue el tema de una charla el 10 de diciembre a cargo de la hermana Attracta Kelly, OP.&nbsp;<\/p>\n\n\n\n<p class=\"wp-block-paragraph\">Kelly es Abogada de Inmigraci\u00f3n y Directora Em\u00e9rita de la <a href=\"https:\/\/adriandominicans.org\/Immigration-Assistance\">Oficina de Asistencia de Inmigraci\u00f3n<\/a> de las Hermanas Dominicas de Adrian.&nbsp;<\/p>\n\n\n\n<p class=\"wp-block-paragraph\">Comenz\u00f3 con una descripci\u00f3n de los diferentes t\u00e9rminos utilizados en la ley de inmigraci\u00f3n:&nbsp;<\/p>\n\n\n\n<ul class=\"wp-block-list\">\n<li>Un inmigrante es una persona que migra a otro pa\u00eds para vivir permanentemente.&nbsp;<\/li>\n\n\n\n<li>Un no inmigrante es una persona que ha sido admitida en los Estados Unidos por un per\u00edodo y prop\u00f3sito espec\u00edfico y temporal, como por ejemplo para turismo, trabajo temporal o estudio.&nbsp;<\/li>\n\n\n\n<li>Un refugiado es una persona que vive fuera de su pa\u00eds de nacionalidad y es reconocido como alguien que no puede o no quiere regresar a ese pa\u00eds debido a persecuci\u00f3n pasada o a un temor fundado de persecuci\u00f3n futura. Kelly se\u00f1al\u00f3 que, antes de que cualquier refugiado llegue a Estados Unidos, ya ha sido evaluado por la Agencia de Refugiados de las Naciones Unidas.&nbsp;<\/li>\n\n\n\n<li>Un solicitante de asilo es una persona que ha huido de su pa\u00eds de origen y no puede o no quiere regresar a ese pa\u00eds debido a una persecuci\u00f3n pasada o a un temor fundado a sufrir persecuci\u00f3n en el futuro, pero esa afirmaci\u00f3n a\u00fan no ha sido probada ni reconocida.&nbsp;<\/li>\n\n\n\n<li>Un titular de una tarjeta verde, o residente permanente legal, es una persona a la que se le ha otorgado autorizaci\u00f3n para vivir y trabajar en Estados Unidos de forma permanente. Esta persona normalmente es elegible para solicitar la ciudadan\u00eda despu\u00e9s de tres o cinco a\u00f1os, seg\u00fan las circunstancias.&nbsp;<\/li>\n\n\n\n<li>Una persona indocumentada es alguien que ha migrado al pa\u00eds violando las leyes de inmigraci\u00f3n del pa\u00eds y sin el derecho legal de estar o permanecer en los Estados Unidos.&nbsp;<\/li>\n<\/ul>\n\n\n\n<p class=\"wp-block-paragraph\">Tambi\u00e9n habl\u00f3 sobre las maneras de obtener un estatus legal. Una de ellas es el m\u00e9todo basado en la familia, mediante el cual un ciudadano estadounidense o una persona con estatus legal puede solicitar que un familiar se re\u00fana con \u00e9l. Sin embargo, este proceso puede ser extremadamente largo, dependiendo tanto del parentesco con la persona como del pa\u00eds de origen. Las personas que vienen de M\u00e9xico tienen una espera especialmente larga, que ahora se acerca a los 25 a\u00f1os para un residente permanente legal que solicita una visa para un hermano.<\/p>\n\n\n\n<p class=\"wp-block-paragraph\">Otros m\u00e9todos incluyen solicitar asilo, lo cual se ha vuelto mucho m\u00e1s dif\u00edcil durante la administraci\u00f3n Trump. Las personas tambi\u00e9n pueden obtener un estatus legal si han sido v\u00edctimas de ciertos delitos, pero Kelly se\u00f1al\u00f3 que este proceso es dif\u00edcil porque las v\u00edctimas deben estar dispuestas a denunciar el delito a la polic\u00eda y testificar ante el tribunal.&nbsp;<\/p>\n\n\n\n<p class=\"wp-block-paragraph\">Una persona que est\u00e1 esperando que haya una visa disponible no tiene ning\u00fan estatus legal, dijo.&nbsp;<\/p>\n\n\n\n<p class=\"wp-block-paragraph\">Casi todos los m\u00e9todos para ingresar a Estados Unidos o buscar estatus legal se han vuelto mucho m\u00e1s dif\u00edciles, dijo Kelly.&nbsp;<\/p>\n\n\n\n<p class=\"wp-block-paragraph\">A partir del 2 de diciembre, afirm\u00f3, los funcionarios de inmigraci\u00f3n han recibido instrucciones de suspender todas las solicitudes de asilo, independientemente de su procedencia. Adem\u00e1s, la administraci\u00f3n Trump ha anunciado que revisar\u00e1 el estatus de unas 223.000 personas que recibieron asilo durante la administraci\u00f3n Biden.&nbsp;<\/p>\n\n\n\n<p class=\"wp-block-paragraph\">La administraci\u00f3n tambi\u00e9n orden\u00f3 detener el procesamiento de las solicitudes de residencia permanente para los refugiados que ingresaron durante ese per\u00edodo.&nbsp;<\/p>\n\n\n\n<p class=\"wp-block-paragraph\">El estatus de protecci\u00f3n temporal, el que permite a las personas permanecer temporalmente en Estados Unidos debido a circunstancias como guerras o desastres que les impiden regresar a casa de forma segura, ha sido cancelado para las personas de Afganist\u00e1n, Camer\u00fan, Etiop\u00eda, Honduras, Nepal, Nicaragua, Sud\u00e1n del Sur y Venezuela. Est\u00e1 previsto que el estatus de protecci\u00f3n temporal finalice pronto para las personas de Hait\u00ed, Yemen, Somalia, El Salvador, Sud\u00e1n y Ucrania. Los intentos de cancelar el estatus para las personas de Birmania y Siria se han visto temporalmente suspendidos por una orden judicial.&nbsp;<\/p>\n\n\n\n<p class=\"wp-block-paragraph\">La administraci\u00f3n tambi\u00e9n elimin\u00f3 un programa humanitario que brindaba a quienes hu\u00edan de la inestabilidad en Cuba, Hait\u00ed, Nicaragua y Venezuela la oportunidad de ingresar legalmente a Estados Unidos, siempre que contaran con un apoyo radicando en el pa\u00eds y pasaran una verificaci\u00f3n de seguridad. Cualquier persona que haya ingresado bajo este programa debe abandonar el pa\u00eds.&nbsp;<\/p>\n\n\n\n<p class=\"wp-block-paragraph\">El IRS est\u00e1 apoyando los esfuerzos de deportaci\u00f3n, aunque Kelly afirm\u00f3 que sus datos suelen ser confidenciales. Se\u00f1al\u00f3 que esto es posible porque personas indocumentadas pagaron aproximadamente $90 mil millones en impuestos en 2023, de los cuales aproximadamente $56 mil millones fueron impuestos federales.<\/p>\n\n\n\n<p class=\"wp-block-paragraph\">Se ha ordenado a los agentes que arresten al menos a 3,000 personas por d\u00eda, y se ha dicho a los jueces de inmigraci\u00f3n (quienes, a diferencia de los jueces de la mayor\u00eda de los tribunales, trabajan para el poder ejecutivo) que ayuden a acelerar las deportaciones.&nbsp;<\/p>\n\n\n\n<p class=\"wp-block-paragraph\">Kelly tambi\u00e9n se\u00f1al\u00f3 que arrestan a personas cuando se presentan a audiencias o registros con ICE, que es lo que se supone que deben hacer. Esto crea un ambiente de miedo, dijo.&nbsp;<\/p>\n\n\n\n<p class=\"wp-block-paragraph\">Adem\u00e1s, exist\u00eda una lista de lugares donde los agentes no realizaban arrestos migratorios, como escuelas, hospitales, lugares de culto, parques infantiles, albergues para desastres o ceremonias como bodas y funerales. Esta pol\u00edtica se derog\u00f3 el d\u00eda de la ceremonia de inauguraci\u00f3n de Trump.&nbsp;<\/p>\n\n\n\n<p class=\"wp-block-paragraph\">La Corte Suprema tambi\u00e9n ha dictaminado que una persona puede ser detenida por su raza o etnia, su presencia en un lugar determinado, el tipo de trabajo que realiza o por hablar con un acento particular. Kelly afirm\u00f3 que esto ha provocado que muchos ciudadanos estadounidenses, especialmente hombres latinos, sean arrestados por agentes que se niegan a revisar su comprobante de ciudadan\u00eda.&nbsp;<\/p>\n\n\n\n<p class=\"wp-block-paragraph\">Kelly dijo que hay informes cre\u00edbles de ciudadanos estadounidenses que fueron tratados brutalmente por agentes federales, incluidas al menos tres que estaban embarazadas cuando fueron detenidas.&nbsp;<\/p>\n\n\n\n<p class=\"wp-block-paragraph\">Sin embargo, dijo, la gente puede hacer cosas para proteger a sus vecinos.&nbsp;<\/p>\n\n\n\n<p class=\"wp-block-paragraph\">La hermana Mary Kay Homan, OP, habl\u00f3 sobre lo que los agentes federales han estado haciendo en Evanston, Illinois, y c\u00f3mo han respondido los residentes.&nbsp;<\/p>\n\n\n\n<p class=\"wp-block-paragraph\">Homan coment\u00f3 que visit\u00f3 recientemente Evanston, donde los agentes se han vuelto cada vez m\u00e1s agresivos. En un incidente, entraron a una escuela primaria con armas desenfundadas e interrumpieron una celebraci\u00f3n de Halloween, coment\u00f3.&nbsp;<\/p>\n\n\n\n<p class=\"wp-block-paragraph\">Unos d\u00edas antes de su visita, dijo, una mujer segu\u00eda un auto con agentes de ICE cuando entraron en una intersecci\u00f3n y frenaron bruscamente, lo que provoc\u00f3 que ella los golpeara. La sacaron bruscamente del auto. Mientras se congregaba una multitud, un hombre que intent\u00f3 defenderla fue derribado al suelo, los agentes usaron gas pimienta contra la multitud y un agente apunt\u00f3 con un arma a las personas que estaban grabando el incidente.&nbsp;<\/p>\n\n\n\n<p class=\"wp-block-paragraph\">Homan dijo que la gente de Evanston se ha unido para asegurarse de que las acciones de los agentes de ICE queden documentadas, utilizando silbatos para alertarse mutuamente sobre situaciones en curso.<\/p>\n\n\n\n<p class=\"wp-block-paragraph\">Kelly dijo que es \u00fatil asegurarse de que los agentes sepan que sus acciones est\u00e1n siendo presenciadas y registradas.&nbsp;<\/p>\n\n\n\n<p class=\"wp-block-paragraph\">Ella dijo que si los agentes de ICE saben que la gente est\u00e1 grabando videos de lo que est\u00e1 sucediendo, parecen volverse menos agresivos.&nbsp;<\/p>\n\n\n\n<p class=\"wp-block-paragraph\">Hizo un llamado a la gente a ayudar a sus vecinos, citando las palabras del Papa Le\u00f3n XIV: \u201cEn un momento en que las personas se sienten impotentes para ayudar a los migrantes y refugiados, los cristianos deben seguir insistiendo en que no hay justicia sin compasi\u00f3n, ni legitimidad sin escuchar el dolor de los dem\u00e1s\u201d.&nbsp;<\/p>\n\n\n\n<p class=\"wp-block-paragraph\">Para obtener m\u00e1s informaci\u00f3n sobre la Oficina de Asistencia de Inmigraci\u00f3n de las Hermanas Dominicas de Adrian, visite <a href=\"https:\/\/adriandominicans.org\/Immigration-Assistance\">adriandominicans.org\/Immigration-Assistance<\/a> o llame al <a href=\"tel:\/\/517-266-3526\">517-266-3526<\/a>.<\/p>\n\n\n\n<p class=\"has-text-align-right wp-block-paragraph\"><em>\u2014 Articulo original por Erik Gable; traducido por Lizbeth P\u00e9rez-C\u00e1zares<\/em><\/p>\n\n\n\n<p class=\"has-text-align-center wp-block-paragraph\"><a href=\"https:\/\/lenaweevoice.com\/2025\/12\/31\/immigration-developments-discussed-at-forum\/\"><strong>De un clic aqu\u00ed para leer la historia en ingl\u00e9s.<\/strong><br><strong>Click here to read this story in English.<\/strong><\/a><\/p>\n","protected":false},"excerpt":{"rendered":"<p>El estado actual de la inmigraci\u00f3n en los Estados Unidos fue el tema de una charla el 10 de diciembre a cargo de la hermana Attracta Kelly, OP.\u00a0<\/p>\n","protected":false},"author":4,"featured_media":3933,"comment_status":"open","ping_status":"open","sticky":false,"template":"","format":"standard","meta":{"nf_dc_page":"","om_disable_all_campaigns":false,"_monsterinsights_skip_tracking":false,"footnotes":""},"categories":[34],"tags":[],"community":[],"class_list":["post-3934","post","type-post","status-publish","format-standard","has-post-thumbnail","category-es"],"yoast_head":"<!-- This site is optimized with the Yoast SEO plugin v28.4 - https:\/\/yoast.com\/product\/yoast-seo-wordpress\/ -->\n<title>Charla aborda ley migratoria y derechos civiles | The Lenawee Voice<\/title>\n<meta name=\"robots\" content=\"noindex, follow, max-snippet:-1, max-image-preview:large, max-video-preview:-1\" \/>\n<meta property=\"og:locale\" content=\"en_US\" \/>\n<meta property=\"og:type\" content=\"article\" \/>\n<meta property=\"og:title\" content=\"Charla aborda ley migratoria y derechos civiles | The Lenawee Voice\" \/>\n<meta property=\"og:description\" content=\"El estado actual de la inmigraci\u00f3n en los Estados Unidos fue el tema de una charla el 10 de diciembre a cargo de la hermana Attracta Kelly, OP.\u00a0\" \/>\n<meta property=\"og:url\" content=\"https:\/\/lenaweevoice.com\/staging\/7542\/2025\/12\/31\/charla-aborda-ley-migratoria-y-derechos-civiles\/\" \/>\n<meta property=\"og:site_name\" content=\"The Lenawee Voice\" \/>\n<meta property=\"article:published_time\" content=\"2025-12-31T21:03:02+00:00\" \/>\n<meta property=\"article:modified_time\" content=\"2025-12-31T21:08:31+00:00\" \/>\n<meta property=\"og:image\" content=\"https:\/\/lenaweevoice.com\/staging\/7542\/wp-content\/uploads\/2025\/12\/Sister_Attracta_Kelly_web.jpg\" \/>\n\t<meta property=\"og:image:width\" content=\"1200\" \/>\n\t<meta property=\"og:image:height\" content=\"701\" \/>\n\t<meta property=\"og:image:type\" content=\"image\/jpeg\" \/>\n<meta name=\"author\" content=\"The Lenawee Voice\" \/>\n<meta name=\"twitter:card\" content=\"summary_large_image\" \/>\n<meta name=\"twitter:label1\" content=\"Written by\" \/>\n\t<meta name=\"twitter:data1\" content=\"The Lenawee Voice\" \/>\n\t<meta name=\"twitter:label2\" content=\"Est. reading time\" \/>\n\t<meta name=\"twitter:data2\" content=\"7 minutes\" \/>\n<script type=\"application\/ld+json\" class=\"yoast-schema-graph\">{\"@context\":\"https:\\\/\\\/schema.org\",\"@graph\":[{\"@type\":\"Article\",\"@id\":\"https:\\\/\\\/lenaweevoice.com\\\/staging\\\/7542\\\/2025\\\/12\\\/31\\\/charla-aborda-ley-migratoria-y-derechos-civiles\\\/#article\",\"isPartOf\":{\"@id\":\"https:\\\/\\\/lenaweevoice.com\\\/staging\\\/7542\\\/2025\\\/12\\\/31\\\/charla-aborda-ley-migratoria-y-derechos-civiles\\\/\"},\"author\":{\"name\":\"The Lenawee Voice\",\"@id\":\"https:\\\/\\\/lenaweevoice.com\\\/staging\\\/7542\\\/#\\\/schema\\\/person\\\/a3dbe06f1af3e72ada6b9b909aa8f883\"},\"headline\":\"Charla aborda ley migratoria y derechos civiles\",\"datePublished\":\"2025-12-31T21:03:02+00:00\",\"dateModified\":\"2025-12-31T21:08:31+00:00\",\"mainEntityOfPage\":{\"@id\":\"https:\\\/\\\/lenaweevoice.com\\\/staging\\\/7542\\\/2025\\\/12\\\/31\\\/charla-aborda-ley-migratoria-y-derechos-civiles\\\/\"},\"wordCount\":1443,\"commentCount\":0,\"publisher\":{\"@id\":\"https:\\\/\\\/lenaweevoice.com\\\/staging\\\/7542\\\/#organization\"},\"image\":{\"@id\":\"https:\\\/\\\/lenaweevoice.com\\\/staging\\\/7542\\\/2025\\\/12\\\/31\\\/charla-aborda-ley-migratoria-y-derechos-civiles\\\/#primaryimage\"},\"thumbnailUrl\":\"https:\\\/\\\/lenaweevoice.com\\\/staging\\\/7542\\\/wp-content\\\/uploads\\\/2025\\\/12\\\/Sister_Attracta_Kelly_web.jpg\",\"articleSection\":[\"Noticias Locales\"],\"inLanguage\":\"en-US\",\"potentialAction\":[{\"@type\":\"CommentAction\",\"name\":\"Comment\",\"target\":[\"https:\\\/\\\/lenaweevoice.com\\\/staging\\\/7542\\\/2025\\\/12\\\/31\\\/charla-aborda-ley-migratoria-y-derechos-civiles\\\/#respond\"]}]},{\"@type\":\"WebPage\",\"@id\":\"https:\\\/\\\/lenaweevoice.com\\\/staging\\\/7542\\\/2025\\\/12\\\/31\\\/charla-aborda-ley-migratoria-y-derechos-civiles\\\/\",\"url\":\"https:\\\/\\\/lenaweevoice.com\\\/staging\\\/7542\\\/2025\\\/12\\\/31\\\/charla-aborda-ley-migratoria-y-derechos-civiles\\\/\",\"name\":\"Charla aborda ley migratoria y derechos civiles | The Lenawee Voice\",\"isPartOf\":{\"@id\":\"https:\\\/\\\/lenaweevoice.com\\\/staging\\\/7542\\\/#website\"},\"primaryImageOfPage\":{\"@id\":\"https:\\\/\\\/lenaweevoice.com\\\/staging\\\/7542\\\/2025\\\/12\\\/31\\\/charla-aborda-ley-migratoria-y-derechos-civiles\\\/#primaryimage\"},\"image\":{\"@id\":\"https:\\\/\\\/lenaweevoice.com\\\/staging\\\/7542\\\/2025\\\/12\\\/31\\\/charla-aborda-ley-migratoria-y-derechos-civiles\\\/#primaryimage\"},\"thumbnailUrl\":\"https:\\\/\\\/lenaweevoice.com\\\/staging\\\/7542\\\/wp-content\\\/uploads\\\/2025\\\/12\\\/Sister_Attracta_Kelly_web.jpg\",\"datePublished\":\"2025-12-31T21:03:02+00:00\",\"dateModified\":\"2025-12-31T21:08:31+00:00\",\"breadcrumb\":{\"@id\":\"https:\\\/\\\/lenaweevoice.com\\\/staging\\\/7542\\\/2025\\\/12\\\/31\\\/charla-aborda-ley-migratoria-y-derechos-civiles\\\/#breadcrumb\"},\"inLanguage\":\"en-US\",\"potentialAction\":[{\"@type\":\"ReadAction\",\"target\":[\"https:\\\/\\\/lenaweevoice.com\\\/staging\\\/7542\\\/2025\\\/12\\\/31\\\/charla-aborda-ley-migratoria-y-derechos-civiles\\\/\"]}]},{\"@type\":\"ImageObject\",\"inLanguage\":\"en-US\",\"@id\":\"https:\\\/\\\/lenaweevoice.com\\\/staging\\\/7542\\\/2025\\\/12\\\/31\\\/charla-aborda-ley-migratoria-y-derechos-civiles\\\/#primaryimage\",\"url\":\"https:\\\/\\\/lenaweevoice.com\\\/staging\\\/7542\\\/wp-content\\\/uploads\\\/2025\\\/12\\\/Sister_Attracta_Kelly_web.jpg\",\"contentUrl\":\"https:\\\/\\\/lenaweevoice.com\\\/staging\\\/7542\\\/wp-content\\\/uploads\\\/2025\\\/12\\\/Sister_Attracta_Kelly_web.jpg\",\"width\":1200,\"height\":701},{\"@type\":\"BreadcrumbList\",\"@id\":\"https:\\\/\\\/lenaweevoice.com\\\/staging\\\/7542\\\/2025\\\/12\\\/31\\\/charla-aborda-ley-migratoria-y-derechos-civiles\\\/#breadcrumb\",\"itemListElement\":[{\"@type\":\"ListItem\",\"position\":1,\"name\":\"Home\",\"item\":\"https:\\\/\\\/lenaweevoice.com\\\/staging\\\/7542\\\/\"},{\"@type\":\"ListItem\",\"position\":2,\"name\":\"Charla aborda ley migratoria y derechos civiles\"}]},{\"@type\":\"WebSite\",\"@id\":\"https:\\\/\\\/lenaweevoice.com\\\/staging\\\/7542\\\/#website\",\"url\":\"https:\\\/\\\/lenaweevoice.com\\\/staging\\\/7542\\\/\",\"name\":\"The Lenawee Voice\",\"description\":\"Local news for the Adrian, Michigan area\",\"publisher\":{\"@id\":\"https:\\\/\\\/lenaweevoice.com\\\/staging\\\/7542\\\/#organization\"},\"potentialAction\":[{\"@type\":\"SearchAction\",\"target\":{\"@type\":\"EntryPoint\",\"urlTemplate\":\"https:\\\/\\\/lenaweevoice.com\\\/staging\\\/7542\\\/?s={search_term_string}\"},\"query-input\":{\"@type\":\"PropertyValueSpecification\",\"valueRequired\":true,\"valueName\":\"search_term_string\"}}],\"inLanguage\":\"en-US\"},{\"@type\":\"Organization\",\"@id\":\"https:\\\/\\\/lenaweevoice.com\\\/staging\\\/7542\\\/#organization\",\"name\":\"The Lenawee Voice\",\"url\":\"https:\\\/\\\/lenaweevoice.com\\\/staging\\\/7542\\\/\",\"logo\":{\"@type\":\"ImageObject\",\"inLanguage\":\"en-US\",\"@id\":\"https:\\\/\\\/lenaweevoice.com\\\/staging\\\/7542\\\/#\\\/schema\\\/logo\\\/image\\\/\",\"url\":\"https:\\\/\\\/lenaweevoice.com\\\/staging\\\/7542\\\/wp-content\\\/uploads\\\/2023\\\/08\\\/Lenawee-Voice-544x180-1.png\",\"contentUrl\":\"https:\\\/\\\/lenaweevoice.com\\\/staging\\\/7542\\\/wp-content\\\/uploads\\\/2023\\\/08\\\/Lenawee-Voice-544x180-1.png\",\"width\":544,\"height\":180,\"caption\":\"The Lenawee Voice\"},\"image\":{\"@id\":\"https:\\\/\\\/lenaweevoice.com\\\/staging\\\/7542\\\/#\\\/schema\\\/logo\\\/image\\\/\"}},{\"@type\":\"Person\",\"@id\":\"https:\\\/\\\/lenaweevoice.com\\\/staging\\\/7542\\\/#\\\/schema\\\/person\\\/a3dbe06f1af3e72ada6b9b909aa8f883\",\"name\":\"The Lenawee Voice\",\"image\":{\"@type\":\"ImageObject\",\"inLanguage\":\"en-US\",\"@id\":\"https:\\\/\\\/secure.gravatar.com\\\/avatar\\\/2fd02d52e94a0b5f1d1c9d109354935a18f4a085e4fa35816607fa416c712ced?s=96&d=mm&r=g\",\"url\":\"https:\\\/\\\/secure.gravatar.com\\\/avatar\\\/2fd02d52e94a0b5f1d1c9d109354935a18f4a085e4fa35816607fa416c712ced?s=96&d=mm&r=g\",\"contentUrl\":\"https:\\\/\\\/secure.gravatar.com\\\/avatar\\\/2fd02d52e94a0b5f1d1c9d109354935a18f4a085e4fa35816607fa416c712ced?s=96&d=mm&r=g\",\"caption\":\"The Lenawee Voice\"},\"url\":\"https:\\\/\\\/lenaweevoice.com\\\/staging\\\/7542\\\/author\\\/lenaweevoice\\\/\"}]}<\/script>\n<!-- \/ Yoast SEO plugin. -->","yoast_head_json":{"title":"Charla aborda ley migratoria y derechos civiles | The Lenawee Voice","robots":{"index":"noindex","follow":"follow","max-snippet":"max-snippet:-1","max-image-preview":"max-image-preview:large","max-video-preview":"max-video-preview:-1"},"og_locale":"en_US","og_type":"article","og_title":"Charla aborda ley migratoria y derechos civiles | The Lenawee Voice","og_description":"El estado actual de la inmigraci\u00f3n en los Estados Unidos fue el tema de una charla el 10 de diciembre a cargo de la hermana Attracta Kelly, OP.\u00a0","og_url":"https:\/\/lenaweevoice.com\/staging\/7542\/2025\/12\/31\/charla-aborda-ley-migratoria-y-derechos-civiles\/","og_site_name":"The Lenawee Voice","article_published_time":"2025-12-31T21:03:02+00:00","article_modified_time":"2025-12-31T21:08:31+00:00","og_image":[{"width":1200,"height":701,"url":"https:\/\/lenaweevoice.com\/staging\/7542\/wp-content\/uploads\/2025\/12\/Sister_Attracta_Kelly_web.jpg","type":"image\/jpeg"}],"author":"The Lenawee Voice","twitter_card":"summary_large_image","twitter_misc":{"Written by":"The Lenawee Voice","Est. reading time":"7 minutes"},"schema":{"@context":"https:\/\/schema.org","@graph":[{"@type":"Article","@id":"https:\/\/lenaweevoice.com\/staging\/7542\/2025\/12\/31\/charla-aborda-ley-migratoria-y-derechos-civiles\/#article","isPartOf":{"@id":"https:\/\/lenaweevoice.com\/staging\/7542\/2025\/12\/31\/charla-aborda-ley-migratoria-y-derechos-civiles\/"},"author":{"name":"The Lenawee Voice","@id":"https:\/\/lenaweevoice.com\/staging\/7542\/#\/schema\/person\/a3dbe06f1af3e72ada6b9b909aa8f883"},"headline":"Charla aborda ley migratoria y derechos civiles","datePublished":"2025-12-31T21:03:02+00:00","dateModified":"2025-12-31T21:08:31+00:00","mainEntityOfPage":{"@id":"https:\/\/lenaweevoice.com\/staging\/7542\/2025\/12\/31\/charla-aborda-ley-migratoria-y-derechos-civiles\/"},"wordCount":1443,"commentCount":0,"publisher":{"@id":"https:\/\/lenaweevoice.com\/staging\/7542\/#organization"},"image":{"@id":"https:\/\/lenaweevoice.com\/staging\/7542\/2025\/12\/31\/charla-aborda-ley-migratoria-y-derechos-civiles\/#primaryimage"},"thumbnailUrl":"https:\/\/lenaweevoice.com\/staging\/7542\/wp-content\/uploads\/2025\/12\/Sister_Attracta_Kelly_web.jpg","articleSection":["Noticias Locales"],"inLanguage":"en-US","potentialAction":[{"@type":"CommentAction","name":"Comment","target":["https:\/\/lenaweevoice.com\/staging\/7542\/2025\/12\/31\/charla-aborda-ley-migratoria-y-derechos-civiles\/#respond"]}]},{"@type":"WebPage","@id":"https:\/\/lenaweevoice.com\/staging\/7542\/2025\/12\/31\/charla-aborda-ley-migratoria-y-derechos-civiles\/","url":"https:\/\/lenaweevoice.com\/staging\/7542\/2025\/12\/31\/charla-aborda-ley-migratoria-y-derechos-civiles\/","name":"Charla aborda ley migratoria y derechos civiles | The Lenawee Voice","isPartOf":{"@id":"https:\/\/lenaweevoice.com\/staging\/7542\/#website"},"primaryImageOfPage":{"@id":"https:\/\/lenaweevoice.com\/staging\/7542\/2025\/12\/31\/charla-aborda-ley-migratoria-y-derechos-civiles\/#primaryimage"},"image":{"@id":"https:\/\/lenaweevoice.com\/staging\/7542\/2025\/12\/31\/charla-aborda-ley-migratoria-y-derechos-civiles\/#primaryimage"},"thumbnailUrl":"https:\/\/lenaweevoice.com\/staging\/7542\/wp-content\/uploads\/2025\/12\/Sister_Attracta_Kelly_web.jpg","datePublished":"2025-12-31T21:03:02+00:00","dateModified":"2025-12-31T21:08:31+00:00","breadcrumb":{"@id":"https:\/\/lenaweevoice.com\/staging\/7542\/2025\/12\/31\/charla-aborda-ley-migratoria-y-derechos-civiles\/#breadcrumb"},"inLanguage":"en-US","potentialAction":[{"@type":"ReadAction","target":["https:\/\/lenaweevoice.com\/staging\/7542\/2025\/12\/31\/charla-aborda-ley-migratoria-y-derechos-civiles\/"]}]},{"@type":"ImageObject","inLanguage":"en-US","@id":"https:\/\/lenaweevoice.com\/staging\/7542\/2025\/12\/31\/charla-aborda-ley-migratoria-y-derechos-civiles\/#primaryimage","url":"https:\/\/lenaweevoice.com\/staging\/7542\/wp-content\/uploads\/2025\/12\/Sister_Attracta_Kelly_web.jpg","contentUrl":"https:\/\/lenaweevoice.com\/staging\/7542\/wp-content\/uploads\/2025\/12\/Sister_Attracta_Kelly_web.jpg","width":1200,"height":701},{"@type":"BreadcrumbList","@id":"https:\/\/lenaweevoice.com\/staging\/7542\/2025\/12\/31\/charla-aborda-ley-migratoria-y-derechos-civiles\/#breadcrumb","itemListElement":[{"@type":"ListItem","position":1,"name":"Home","item":"https:\/\/lenaweevoice.com\/staging\/7542\/"},{"@type":"ListItem","position":2,"name":"Charla aborda ley migratoria y derechos civiles"}]},{"@type":"WebSite","@id":"https:\/\/lenaweevoice.com\/staging\/7542\/#website","url":"https:\/\/lenaweevoice.com\/staging\/7542\/","name":"The Lenawee Voice","description":"Local news for the Adrian, Michigan area","publisher":{"@id":"https:\/\/lenaweevoice.com\/staging\/7542\/#organization"},"potentialAction":[{"@type":"SearchAction","target":{"@type":"EntryPoint","urlTemplate":"https:\/\/lenaweevoice.com\/staging\/7542\/?s={search_term_string}"},"query-input":{"@type":"PropertyValueSpecification","valueRequired":true,"valueName":"search_term_string"}}],"inLanguage":"en-US"},{"@type":"Organization","@id":"https:\/\/lenaweevoice.com\/staging\/7542\/#organization","name":"The Lenawee Voice","url":"https:\/\/lenaweevoice.com\/staging\/7542\/","logo":{"@type":"ImageObject","inLanguage":"en-US","@id":"https:\/\/lenaweevoice.com\/staging\/7542\/#\/schema\/logo\/image\/","url":"https:\/\/lenaweevoice.com\/staging\/7542\/wp-content\/uploads\/2023\/08\/Lenawee-Voice-544x180-1.png","contentUrl":"https:\/\/lenaweevoice.com\/staging\/7542\/wp-content\/uploads\/2023\/08\/Lenawee-Voice-544x180-1.png","width":544,"height":180,"caption":"The Lenawee Voice"},"image":{"@id":"https:\/\/lenaweevoice.com\/staging\/7542\/#\/schema\/logo\/image\/"}},{"@type":"Person","@id":"https:\/\/lenaweevoice.com\/staging\/7542\/#\/schema\/person\/a3dbe06f1af3e72ada6b9b909aa8f883","name":"The Lenawee Voice","image":{"@type":"ImageObject","inLanguage":"en-US","@id":"https:\/\/secure.gravatar.com\/avatar\/2fd02d52e94a0b5f1d1c9d109354935a18f4a085e4fa35816607fa416c712ced?s=96&d=mm&r=g","url":"https:\/\/secure.gravatar.com\/avatar\/2fd02d52e94a0b5f1d1c9d109354935a18f4a085e4fa35816607fa416c712ced?s=96&d=mm&r=g","contentUrl":"https:\/\/secure.gravatar.com\/avatar\/2fd02d52e94a0b5f1d1c9d109354935a18f4a085e4fa35816607fa416c712ced?s=96&d=mm&r=g","caption":"The Lenawee Voice"},"url":"https:\/\/lenaweevoice.com\/staging\/7542\/author\/lenaweevoice\/"}]}},"_links":{"self":[{"href":"https:\/\/lenaweevoice.com\/staging\/7542\/wp-json\/wp\/v2\/posts\/3934","targetHints":{"allow":["GET"]}}],"collection":[{"href":"https:\/\/lenaweevoice.com\/staging\/7542\/wp-json\/wp\/v2\/posts"}],"about":[{"href":"https:\/\/lenaweevoice.com\/staging\/7542\/wp-json\/wp\/v2\/types\/post"}],"author":[{"embeddable":true,"href":"https:\/\/lenaweevoice.com\/staging\/7542\/wp-json\/wp\/v2\/users\/4"}],"replies":[{"embeddable":true,"href":"https:\/\/lenaweevoice.com\/staging\/7542\/wp-json\/wp\/v2\/comments?post=3934"}],"version-history":[{"count":2,"href":"https:\/\/lenaweevoice.com\/staging\/7542\/wp-json\/wp\/v2\/posts\/3934\/revisions"}],"predecessor-version":[{"id":3938,"href":"https:\/\/lenaweevoice.com\/staging\/7542\/wp-json\/wp\/v2\/posts\/3934\/revisions\/3938"}],"wp:featuredmedia":[{"embeddable":true,"href":"https:\/\/lenaweevoice.com\/staging\/7542\/wp-json\/wp\/v2\/media\/3933"}],"wp:attachment":[{"href":"https:\/\/lenaweevoice.com\/staging\/7542\/wp-json\/wp\/v2\/media?parent=3934"}],"wp:term":[{"taxonomy":"category","embeddable":true,"href":"https:\/\/lenaweevoice.com\/staging\/7542\/wp-json\/wp\/v2\/categories?post=3934"},{"taxonomy":"post_tag","embeddable":true,"href":"https:\/\/lenaweevoice.com\/staging\/7542\/wp-json\/wp\/v2\/tags?post=3934"},{"taxonomy":"community","embeddable":true,"href":"https:\/\/lenaweevoice.com\/staging\/7542\/wp-json\/wp\/v2\/community?post=3934"}],"curies":[{"name":"wp","href":"https:\/\/api.w.org\/{rel}","templated":true}]}}