{"id":3660,"date":"2025-11-01T00:17:55","date_gmt":"2025-11-01T00:17:55","guid":{"rendered":"https:\/\/lenaweevoice.com\/?p=3660"},"modified":"2025-11-01T00:28:08","modified_gmt":"2025-11-01T00:28:08","slug":"cuatro-residentes-locales-honrados-por-la-comision-hispana-latina-de-michigan","status":"publish","type":"post","link":"https:\/\/lenaweevoice.com\/staging\/7542\/2025\/11\/01\/cuatro-residentes-locales-honrados-por-la-comision-hispana-latina-de-michigan\/","title":{"rendered":"Cuatro residentes locales honrados por la Comisi\u00f3n Hispana\/Latina de Michigan\u00a0"},"content":{"rendered":"\n<figure class=\"wp-block-image size-large\"><img loading=\"lazy\" decoding=\"async\" width=\"1024\" height=\"595\" src=\"http:\/\/lenaweevoice.com\/staging\/7542\/wp-content\/uploads\/2025\/11\/Hispanic-Latino-Commission-awards_web-1024x595.jpeg\" alt=\"Pete Vargas, Rochelle Flores, Rudy Flores, Rocio Vazquez, Mar\u00eda Jaimez, el padre Michael Newman y Luis A. Ramos aparecen en la celebraci\u00f3n del 50\u00b0 aniversario de la Comisi\u00f3n Hispana\/Latina de Michigan el 16 de octubre. \" class=\"wp-image-3659\" srcset=\"https:\/\/lenaweevoice.com\/staging\/7542\/wp-content\/uploads\/2025\/11\/Hispanic-Latino-Commission-awards_web-1024x595.jpeg 1024w, https:\/\/lenaweevoice.com\/staging\/7542\/wp-content\/uploads\/2025\/11\/Hispanic-Latino-Commission-awards_web-300x174.jpeg 300w, https:\/\/lenaweevoice.com\/staging\/7542\/wp-content\/uploads\/2025\/11\/Hispanic-Latino-Commission-awards_web-768x446.jpeg 768w, https:\/\/lenaweevoice.com\/staging\/7542\/wp-content\/uploads\/2025\/11\/Hispanic-Latino-Commission-awards_web-150x87.jpeg 150w, https:\/\/lenaweevoice.com\/staging\/7542\/wp-content\/uploads\/2025\/11\/Hispanic-Latino-Commission-awards_web-696x404.jpeg 696w, https:\/\/lenaweevoice.com\/staging\/7542\/wp-content\/uploads\/2025\/11\/Hispanic-Latino-Commission-awards_web-1068x620.jpeg 1068w, https:\/\/lenaweevoice.com\/staging\/7542\/wp-content\/uploads\/2025\/11\/Hispanic-Latino-Commission-awards_web.jpeg 1200w\" sizes=\"auto, (max-width: 1024px) 100vw, 1024px\" \/><figcaption class=\"wp-element-caption\">Pete Vargas, Rochelle Flores, Rudy Flores, Rocio Vazquez, Mar\u00eda Jaimez, el padre Michael Newman y Luis A. Ramos aparecen en la celebraci\u00f3n del 50\u00b0 aniversario de la Comisi\u00f3n Hispana\/Latina de Michigan el 16 de octubre. <\/figcaption><\/figure>\n\n\n\n<p class=\"wp-block-paragraph\">LANSING&nbsp;\u2014 Cuatro residentes locales estuvieron entre los 50 l\u00edderes del legado latino que fueron homenajeados el 16 de octubre cuando la Comisi\u00f3n Hispana\/Latina de Michigan celebr\u00f3 su 50\u00b0 aniversario.&nbsp;<\/p>\n\n\n\n<p class=\"wp-block-paragraph\">El prop\u00f3sito de la comisi\u00f3n es asesorar al gobernador y a la legislatura sobre temas que afectan a los residentes hispanos y latinos de Michigan, con el objetivo de lograr un entorno de justicia social e igualdad econ\u00f3mica. Rudy Flores, residente de Adrian, es uno de los miembros de la comisi\u00f3n.&nbsp;<\/p>\n\n\n\n<p class=\"wp-block-paragraph\"><strong>Mar\u00eda Jaimez<\/strong> fue homenajeada por sus d\u00e9cadas de servicio en el ministerio migrante de la Parroquia de la&nbsp; Sagrada Familia (Holy Family Parish) en Adrian. A finales de los a\u00f1os 60 y principios de los 70, particip\u00f3 en las protestas y boicots de los Trabajadores Agr\u00edcolas Unidos de California, liderados por C\u00e9sar Ch\u00e1vez. Durante las \u00faltimas cinco d\u00e9cadas, ha brindado numerosos servicios sociales a los trabajadores agr\u00edcolas migrantes temporales en el sureste de Michigan.&nbsp;<\/p>\n\n\n\n<p class=\"wp-block-paragraph\"><strong>Luis A. Ramos<\/strong> es pastor, trabajador social jubilado y fundador de la Organizaci\u00f3n de Paternidad Latinos\/Hispanos Hombres de Honor y Valor Inc. (Latino\/Hispanic Men of Honor and Valor) Fund\u00f3 el grupo en el 2014 porque, si bien exist\u00edan organizaciones que brindaban servicios a padres hispanohablantes en la Costa Oeste, no exist\u00edan en el Medio Oeste. El grupo ofrece talleres para padres sobre temas como disciplina positiva, comunicaci\u00f3n familiar eficaz, presupuestos, planificaci\u00f3n profesional y establecimiento de metas de vida.&nbsp;<\/p>\n\n\n\n<p class=\"wp-block-paragraph\"><strong>Pete Vargas<\/strong> es el director de organizaci\u00f3n de MiPoder, un grupo que trabaja para amplificar el poder y el liderazgo de las comunidades latinas en Michigan. \u00c9l es un veterano defensor comunitario, estratega pol\u00edtico y mentor de j\u00f3venes. Tambi\u00e9n ha trabajado como organizador sindical para Trabajadores de Acero Unidos (United Steel Workers) y ha hecho campa\u00f1a para mejorar los salarios de los trabajadores de restaurantes.&nbsp;<\/p>\n\n\n\n<p class=\"wp-block-paragraph\"><strong>Roc\u00edo Vazquez<\/strong> ha sido coordinadora de oficina y difusi\u00f3n comunitaria de la Parroquia de la Sagrada Familia desde el 2007. Trabaja como voluntaria en el ministerio hispano de la Parroquia de la Sagrada Familia, ofreciendo servicios de traducci\u00f3n e interpretaci\u00f3n para ayudar a las familias a sentirse comprendidas y apoyadas. Su trabajo implica ayudar a familias migrantes e inmigrantes, conect\u00e1ndolas con recursos y facilitando su integraci\u00f3n a la comunidad.<\/p>\n\n\n\n<p class=\"has-text-align-right wp-block-paragraph\"><em>\u2014 Traducido por Lizbeth Perez-Cazares<\/em><\/p>\n\n\n\n<p class=\"has-text-align-center wp-block-paragraph\"><a href=\"https:\/\/lenaweevoice.com\/2025\/11\/01\/local-residents-honored-by-hispanic-latino-commission-of-michigan\/\"><strong>De un clic aqu\u00ed para leer la historia en ingl\u00e9s.<\/strong><br><strong>Click here to read this story in English.<\/strong><\/a><\/p>\n","protected":false},"excerpt":{"rendered":"<p>Cuatro residentes locales estuvieron entre los 50 l\u00edderes del legado latino que fueron homenajeados el 16 de octubre cuando la Comisi\u00f3n Hispana\/Latina de Michigan celebr\u00f3 su 50\u00b0 aniversario.<\/p>\n","protected":false},"author":4,"featured_media":3659,"comment_status":"open","ping_status":"open","sticky":false,"template":"","format":"standard","meta":{"nf_dc_page":"","om_disable_all_campaigns":false,"_monsterinsights_skip_tracking":false,"footnotes":""},"categories":[34],"tags":[],"community":[],"class_list":["post-3660","post","type-post","status-publish","format-standard","has-post-thumbnail","category-es"],"yoast_head":"<!-- This site is optimized with the Yoast SEO plugin v28.4 - https:\/\/yoast.com\/product\/yoast-seo-wordpress\/ -->\n<title>Cuatro residentes locales honrados por la Comisi\u00f3n Hispana\/Latina de Michigan\u00a0 | The Lenawee Voice<\/title>\n<meta name=\"robots\" content=\"noindex, follow, max-snippet:-1, max-image-preview:large, max-video-preview:-1\" \/>\n<meta property=\"og:locale\" content=\"en_US\" \/>\n<meta property=\"og:type\" content=\"article\" \/>\n<meta property=\"og:title\" content=\"Cuatro residentes locales honrados por la Comisi\u00f3n Hispana\/Latina de Michigan\u00a0 | The Lenawee Voice\" \/>\n<meta property=\"og:description\" content=\"Cuatro residentes locales estuvieron entre los 50 l\u00edderes del legado latino que fueron homenajeados el 16 de octubre cuando la Comisi\u00f3n Hispana\/Latina de Michigan celebr\u00f3 su 50\u00b0 aniversario.\" \/>\n<meta property=\"og:url\" content=\"https:\/\/lenaweevoice.com\/staging\/7542\/2025\/11\/01\/cuatro-residentes-locales-honrados-por-la-comision-hispana-latina-de-michigan\/\" \/>\n<meta property=\"og:site_name\" content=\"The Lenawee Voice\" \/>\n<meta property=\"article:published_time\" content=\"2025-11-01T00:17:55+00:00\" \/>\n<meta property=\"article:modified_time\" content=\"2025-11-01T00:28:08+00:00\" \/>\n<meta property=\"og:image\" content=\"https:\/\/lenaweevoice.com\/staging\/7542\/wp-content\/uploads\/2025\/11\/Hispanic-Latino-Commission-awards_web.jpeg\" \/>\n\t<meta property=\"og:image:width\" content=\"1200\" \/>\n\t<meta property=\"og:image:height\" content=\"697\" \/>\n\t<meta property=\"og:image:type\" content=\"image\/jpeg\" \/>\n<meta name=\"author\" content=\"The Lenawee Voice\" \/>\n<meta name=\"twitter:card\" content=\"summary_large_image\" \/>\n<meta name=\"twitter:label1\" content=\"Written by\" \/>\n\t<meta name=\"twitter:data1\" content=\"The Lenawee Voice\" \/>\n\t<meta name=\"twitter:label2\" content=\"Est. reading time\" \/>\n\t<meta name=\"twitter:data2\" content=\"3 minutes\" \/>\n<script type=\"application\/ld+json\" class=\"yoast-schema-graph\">{\"@context\":\"https:\\\/\\\/schema.org\",\"@graph\":[{\"@type\":\"Article\",\"@id\":\"https:\\\/\\\/lenaweevoice.com\\\/staging\\\/7542\\\/2025\\\/11\\\/01\\\/cuatro-residentes-locales-honrados-por-la-comision-hispana-latina-de-michigan\\\/#article\",\"isPartOf\":{\"@id\":\"https:\\\/\\\/lenaweevoice.com\\\/staging\\\/7542\\\/2025\\\/11\\\/01\\\/cuatro-residentes-locales-honrados-por-la-comision-hispana-latina-de-michigan\\\/\"},\"author\":{\"name\":\"The Lenawee Voice\",\"@id\":\"https:\\\/\\\/lenaweevoice.com\\\/staging\\\/7542\\\/#\\\/schema\\\/person\\\/a3dbe06f1af3e72ada6b9b909aa8f883\"},\"headline\":\"Cuatro residentes locales honrados por la Comisi\u00f3n Hispana\\\/Latina de Michigan\u00a0\",\"datePublished\":\"2025-11-01T00:17:55+00:00\",\"dateModified\":\"2025-11-01T00:28:08+00:00\",\"mainEntityOfPage\":{\"@id\":\"https:\\\/\\\/lenaweevoice.com\\\/staging\\\/7542\\\/2025\\\/11\\\/01\\\/cuatro-residentes-locales-honrados-por-la-comision-hispana-latina-de-michigan\\\/\"},\"wordCount\":471,\"commentCount\":0,\"publisher\":{\"@id\":\"https:\\\/\\\/lenaweevoice.com\\\/staging\\\/7542\\\/#organization\"},\"image\":{\"@id\":\"https:\\\/\\\/lenaweevoice.com\\\/staging\\\/7542\\\/2025\\\/11\\\/01\\\/cuatro-residentes-locales-honrados-por-la-comision-hispana-latina-de-michigan\\\/#primaryimage\"},\"thumbnailUrl\":\"https:\\\/\\\/lenaweevoice.com\\\/staging\\\/7542\\\/wp-content\\\/uploads\\\/2025\\\/11\\\/Hispanic-Latino-Commission-awards_web.jpeg\",\"articleSection\":[\"Noticias Locales\"],\"inLanguage\":\"en-US\",\"potentialAction\":[{\"@type\":\"CommentAction\",\"name\":\"Comment\",\"target\":[\"https:\\\/\\\/lenaweevoice.com\\\/staging\\\/7542\\\/2025\\\/11\\\/01\\\/cuatro-residentes-locales-honrados-por-la-comision-hispana-latina-de-michigan\\\/#respond\"]}]},{\"@type\":\"WebPage\",\"@id\":\"https:\\\/\\\/lenaweevoice.com\\\/staging\\\/7542\\\/2025\\\/11\\\/01\\\/cuatro-residentes-locales-honrados-por-la-comision-hispana-latina-de-michigan\\\/\",\"url\":\"https:\\\/\\\/lenaweevoice.com\\\/staging\\\/7542\\\/2025\\\/11\\\/01\\\/cuatro-residentes-locales-honrados-por-la-comision-hispana-latina-de-michigan\\\/\",\"name\":\"Cuatro residentes locales honrados por la Comisi\u00f3n Hispana\\\/Latina de Michigan\u00a0 | The Lenawee Voice\",\"isPartOf\":{\"@id\":\"https:\\\/\\\/lenaweevoice.com\\\/staging\\\/7542\\\/#website\"},\"primaryImageOfPage\":{\"@id\":\"https:\\\/\\\/lenaweevoice.com\\\/staging\\\/7542\\\/2025\\\/11\\\/01\\\/cuatro-residentes-locales-honrados-por-la-comision-hispana-latina-de-michigan\\\/#primaryimage\"},\"image\":{\"@id\":\"https:\\\/\\\/lenaweevoice.com\\\/staging\\\/7542\\\/2025\\\/11\\\/01\\\/cuatro-residentes-locales-honrados-por-la-comision-hispana-latina-de-michigan\\\/#primaryimage\"},\"thumbnailUrl\":\"https:\\\/\\\/lenaweevoice.com\\\/staging\\\/7542\\\/wp-content\\\/uploads\\\/2025\\\/11\\\/Hispanic-Latino-Commission-awards_web.jpeg\",\"datePublished\":\"2025-11-01T00:17:55+00:00\",\"dateModified\":\"2025-11-01T00:28:08+00:00\",\"breadcrumb\":{\"@id\":\"https:\\\/\\\/lenaweevoice.com\\\/staging\\\/7542\\\/2025\\\/11\\\/01\\\/cuatro-residentes-locales-honrados-por-la-comision-hispana-latina-de-michigan\\\/#breadcrumb\"},\"inLanguage\":\"en-US\",\"potentialAction\":[{\"@type\":\"ReadAction\",\"target\":[\"https:\\\/\\\/lenaweevoice.com\\\/staging\\\/7542\\\/2025\\\/11\\\/01\\\/cuatro-residentes-locales-honrados-por-la-comision-hispana-latina-de-michigan\\\/\"]}]},{\"@type\":\"ImageObject\",\"inLanguage\":\"en-US\",\"@id\":\"https:\\\/\\\/lenaweevoice.com\\\/staging\\\/7542\\\/2025\\\/11\\\/01\\\/cuatro-residentes-locales-honrados-por-la-comision-hispana-latina-de-michigan\\\/#primaryimage\",\"url\":\"https:\\\/\\\/lenaweevoice.com\\\/staging\\\/7542\\\/wp-content\\\/uploads\\\/2025\\\/11\\\/Hispanic-Latino-Commission-awards_web.jpeg\",\"contentUrl\":\"https:\\\/\\\/lenaweevoice.com\\\/staging\\\/7542\\\/wp-content\\\/uploads\\\/2025\\\/11\\\/Hispanic-Latino-Commission-awards_web.jpeg\",\"width\":1200,\"height\":697,\"caption\":\"Pete Vargas, Rochelle Flores, Rudy Flores, Rocio Vazquez, Maria Jaimez, Father Michael Newman, and Luis A. Ramos are pictured at the 50th anniversary celebration of the Hispanic\\\/Latino Commission of Michigan on Oct. 16.\"},{\"@type\":\"BreadcrumbList\",\"@id\":\"https:\\\/\\\/lenaweevoice.com\\\/staging\\\/7542\\\/2025\\\/11\\\/01\\\/cuatro-residentes-locales-honrados-por-la-comision-hispana-latina-de-michigan\\\/#breadcrumb\",\"itemListElement\":[{\"@type\":\"ListItem\",\"position\":1,\"name\":\"Home\",\"item\":\"https:\\\/\\\/lenaweevoice.com\\\/staging\\\/7542\\\/\"},{\"@type\":\"ListItem\",\"position\":2,\"name\":\"Cuatro residentes locales honrados por la Comisi\u00f3n Hispana\\\/Latina de Michigan\u00a0\"}]},{\"@type\":\"WebSite\",\"@id\":\"https:\\\/\\\/lenaweevoice.com\\\/staging\\\/7542\\\/#website\",\"url\":\"https:\\\/\\\/lenaweevoice.com\\\/staging\\\/7542\\\/\",\"name\":\"The Lenawee Voice\",\"description\":\"Local news for the Adrian, Michigan area\",\"publisher\":{\"@id\":\"https:\\\/\\\/lenaweevoice.com\\\/staging\\\/7542\\\/#organization\"},\"potentialAction\":[{\"@type\":\"SearchAction\",\"target\":{\"@type\":\"EntryPoint\",\"urlTemplate\":\"https:\\\/\\\/lenaweevoice.com\\\/staging\\\/7542\\\/?s={search_term_string}\"},\"query-input\":{\"@type\":\"PropertyValueSpecification\",\"valueRequired\":true,\"valueName\":\"search_term_string\"}}],\"inLanguage\":\"en-US\"},{\"@type\":\"Organization\",\"@id\":\"https:\\\/\\\/lenaweevoice.com\\\/staging\\\/7542\\\/#organization\",\"name\":\"The Lenawee Voice\",\"url\":\"https:\\\/\\\/lenaweevoice.com\\\/staging\\\/7542\\\/\",\"logo\":{\"@type\":\"ImageObject\",\"inLanguage\":\"en-US\",\"@id\":\"https:\\\/\\\/lenaweevoice.com\\\/staging\\\/7542\\\/#\\\/schema\\\/logo\\\/image\\\/\",\"url\":\"https:\\\/\\\/lenaweevoice.com\\\/staging\\\/7542\\\/wp-content\\\/uploads\\\/2023\\\/08\\\/Lenawee-Voice-544x180-1.png\",\"contentUrl\":\"https:\\\/\\\/lenaweevoice.com\\\/staging\\\/7542\\\/wp-content\\\/uploads\\\/2023\\\/08\\\/Lenawee-Voice-544x180-1.png\",\"width\":544,\"height\":180,\"caption\":\"The Lenawee Voice\"},\"image\":{\"@id\":\"https:\\\/\\\/lenaweevoice.com\\\/staging\\\/7542\\\/#\\\/schema\\\/logo\\\/image\\\/\"}},{\"@type\":\"Person\",\"@id\":\"https:\\\/\\\/lenaweevoice.com\\\/staging\\\/7542\\\/#\\\/schema\\\/person\\\/a3dbe06f1af3e72ada6b9b909aa8f883\",\"name\":\"The Lenawee Voice\",\"image\":{\"@type\":\"ImageObject\",\"inLanguage\":\"en-US\",\"@id\":\"https:\\\/\\\/secure.gravatar.com\\\/avatar\\\/2fd02d52e94a0b5f1d1c9d109354935a18f4a085e4fa35816607fa416c712ced?s=96&d=mm&r=g\",\"url\":\"https:\\\/\\\/secure.gravatar.com\\\/avatar\\\/2fd02d52e94a0b5f1d1c9d109354935a18f4a085e4fa35816607fa416c712ced?s=96&d=mm&r=g\",\"contentUrl\":\"https:\\\/\\\/secure.gravatar.com\\\/avatar\\\/2fd02d52e94a0b5f1d1c9d109354935a18f4a085e4fa35816607fa416c712ced?s=96&d=mm&r=g\",\"caption\":\"The Lenawee Voice\"},\"url\":\"https:\\\/\\\/lenaweevoice.com\\\/staging\\\/7542\\\/author\\\/lenaweevoice\\\/\"}]}<\/script>\n<!-- \/ Yoast SEO plugin. -->","yoast_head_json":{"title":"Cuatro residentes locales honrados por la Comisi\u00f3n Hispana\/Latina de Michigan\u00a0 | The Lenawee Voice","robots":{"index":"noindex","follow":"follow","max-snippet":"max-snippet:-1","max-image-preview":"max-image-preview:large","max-video-preview":"max-video-preview:-1"},"og_locale":"en_US","og_type":"article","og_title":"Cuatro residentes locales honrados por la Comisi\u00f3n Hispana\/Latina de Michigan\u00a0 | The Lenawee Voice","og_description":"Cuatro residentes locales estuvieron entre los 50 l\u00edderes del legado latino que fueron homenajeados el 16 de octubre cuando la Comisi\u00f3n Hispana\/Latina de Michigan celebr\u00f3 su 50\u00b0 aniversario.","og_url":"https:\/\/lenaweevoice.com\/staging\/7542\/2025\/11\/01\/cuatro-residentes-locales-honrados-por-la-comision-hispana-latina-de-michigan\/","og_site_name":"The Lenawee Voice","article_published_time":"2025-11-01T00:17:55+00:00","article_modified_time":"2025-11-01T00:28:08+00:00","og_image":[{"width":1200,"height":697,"url":"https:\/\/lenaweevoice.com\/staging\/7542\/wp-content\/uploads\/2025\/11\/Hispanic-Latino-Commission-awards_web.jpeg","type":"image\/jpeg"}],"author":"The Lenawee Voice","twitter_card":"summary_large_image","twitter_misc":{"Written by":"The Lenawee Voice","Est. reading time":"3 minutes"},"schema":{"@context":"https:\/\/schema.org","@graph":[{"@type":"Article","@id":"https:\/\/lenaweevoice.com\/staging\/7542\/2025\/11\/01\/cuatro-residentes-locales-honrados-por-la-comision-hispana-latina-de-michigan\/#article","isPartOf":{"@id":"https:\/\/lenaweevoice.com\/staging\/7542\/2025\/11\/01\/cuatro-residentes-locales-honrados-por-la-comision-hispana-latina-de-michigan\/"},"author":{"name":"The Lenawee Voice","@id":"https:\/\/lenaweevoice.com\/staging\/7542\/#\/schema\/person\/a3dbe06f1af3e72ada6b9b909aa8f883"},"headline":"Cuatro residentes locales honrados por la Comisi\u00f3n Hispana\/Latina de Michigan\u00a0","datePublished":"2025-11-01T00:17:55+00:00","dateModified":"2025-11-01T00:28:08+00:00","mainEntityOfPage":{"@id":"https:\/\/lenaweevoice.com\/staging\/7542\/2025\/11\/01\/cuatro-residentes-locales-honrados-por-la-comision-hispana-latina-de-michigan\/"},"wordCount":471,"commentCount":0,"publisher":{"@id":"https:\/\/lenaweevoice.com\/staging\/7542\/#organization"},"image":{"@id":"https:\/\/lenaweevoice.com\/staging\/7542\/2025\/11\/01\/cuatro-residentes-locales-honrados-por-la-comision-hispana-latina-de-michigan\/#primaryimage"},"thumbnailUrl":"https:\/\/lenaweevoice.com\/staging\/7542\/wp-content\/uploads\/2025\/11\/Hispanic-Latino-Commission-awards_web.jpeg","articleSection":["Noticias Locales"],"inLanguage":"en-US","potentialAction":[{"@type":"CommentAction","name":"Comment","target":["https:\/\/lenaweevoice.com\/staging\/7542\/2025\/11\/01\/cuatro-residentes-locales-honrados-por-la-comision-hispana-latina-de-michigan\/#respond"]}]},{"@type":"WebPage","@id":"https:\/\/lenaweevoice.com\/staging\/7542\/2025\/11\/01\/cuatro-residentes-locales-honrados-por-la-comision-hispana-latina-de-michigan\/","url":"https:\/\/lenaweevoice.com\/staging\/7542\/2025\/11\/01\/cuatro-residentes-locales-honrados-por-la-comision-hispana-latina-de-michigan\/","name":"Cuatro residentes locales honrados por la Comisi\u00f3n Hispana\/Latina de Michigan\u00a0 | The Lenawee Voice","isPartOf":{"@id":"https:\/\/lenaweevoice.com\/staging\/7542\/#website"},"primaryImageOfPage":{"@id":"https:\/\/lenaweevoice.com\/staging\/7542\/2025\/11\/01\/cuatro-residentes-locales-honrados-por-la-comision-hispana-latina-de-michigan\/#primaryimage"},"image":{"@id":"https:\/\/lenaweevoice.com\/staging\/7542\/2025\/11\/01\/cuatro-residentes-locales-honrados-por-la-comision-hispana-latina-de-michigan\/#primaryimage"},"thumbnailUrl":"https:\/\/lenaweevoice.com\/staging\/7542\/wp-content\/uploads\/2025\/11\/Hispanic-Latino-Commission-awards_web.jpeg","datePublished":"2025-11-01T00:17:55+00:00","dateModified":"2025-11-01T00:28:08+00:00","breadcrumb":{"@id":"https:\/\/lenaweevoice.com\/staging\/7542\/2025\/11\/01\/cuatro-residentes-locales-honrados-por-la-comision-hispana-latina-de-michigan\/#breadcrumb"},"inLanguage":"en-US","potentialAction":[{"@type":"ReadAction","target":["https:\/\/lenaweevoice.com\/staging\/7542\/2025\/11\/01\/cuatro-residentes-locales-honrados-por-la-comision-hispana-latina-de-michigan\/"]}]},{"@type":"ImageObject","inLanguage":"en-US","@id":"https:\/\/lenaweevoice.com\/staging\/7542\/2025\/11\/01\/cuatro-residentes-locales-honrados-por-la-comision-hispana-latina-de-michigan\/#primaryimage","url":"https:\/\/lenaweevoice.com\/staging\/7542\/wp-content\/uploads\/2025\/11\/Hispanic-Latino-Commission-awards_web.jpeg","contentUrl":"https:\/\/lenaweevoice.com\/staging\/7542\/wp-content\/uploads\/2025\/11\/Hispanic-Latino-Commission-awards_web.jpeg","width":1200,"height":697,"caption":"Pete Vargas, Rochelle Flores, Rudy Flores, Rocio Vazquez, Maria Jaimez, Father Michael Newman, and Luis A. Ramos are pictured at the 50th anniversary celebration of the Hispanic\/Latino Commission of Michigan on Oct. 16."},{"@type":"BreadcrumbList","@id":"https:\/\/lenaweevoice.com\/staging\/7542\/2025\/11\/01\/cuatro-residentes-locales-honrados-por-la-comision-hispana-latina-de-michigan\/#breadcrumb","itemListElement":[{"@type":"ListItem","position":1,"name":"Home","item":"https:\/\/lenaweevoice.com\/staging\/7542\/"},{"@type":"ListItem","position":2,"name":"Cuatro residentes locales honrados por la Comisi\u00f3n Hispana\/Latina de Michigan\u00a0"}]},{"@type":"WebSite","@id":"https:\/\/lenaweevoice.com\/staging\/7542\/#website","url":"https:\/\/lenaweevoice.com\/staging\/7542\/","name":"The Lenawee Voice","description":"Local news for the Adrian, Michigan area","publisher":{"@id":"https:\/\/lenaweevoice.com\/staging\/7542\/#organization"},"potentialAction":[{"@type":"SearchAction","target":{"@type":"EntryPoint","urlTemplate":"https:\/\/lenaweevoice.com\/staging\/7542\/?s={search_term_string}"},"query-input":{"@type":"PropertyValueSpecification","valueRequired":true,"valueName":"search_term_string"}}],"inLanguage":"en-US"},{"@type":"Organization","@id":"https:\/\/lenaweevoice.com\/staging\/7542\/#organization","name":"The Lenawee Voice","url":"https:\/\/lenaweevoice.com\/staging\/7542\/","logo":{"@type":"ImageObject","inLanguage":"en-US","@id":"https:\/\/lenaweevoice.com\/staging\/7542\/#\/schema\/logo\/image\/","url":"https:\/\/lenaweevoice.com\/staging\/7542\/wp-content\/uploads\/2023\/08\/Lenawee-Voice-544x180-1.png","contentUrl":"https:\/\/lenaweevoice.com\/staging\/7542\/wp-content\/uploads\/2023\/08\/Lenawee-Voice-544x180-1.png","width":544,"height":180,"caption":"The Lenawee Voice"},"image":{"@id":"https:\/\/lenaweevoice.com\/staging\/7542\/#\/schema\/logo\/image\/"}},{"@type":"Person","@id":"https:\/\/lenaweevoice.com\/staging\/7542\/#\/schema\/person\/a3dbe06f1af3e72ada6b9b909aa8f883","name":"The Lenawee Voice","image":{"@type":"ImageObject","inLanguage":"en-US","@id":"https:\/\/secure.gravatar.com\/avatar\/2fd02d52e94a0b5f1d1c9d109354935a18f4a085e4fa35816607fa416c712ced?s=96&d=mm&r=g","url":"https:\/\/secure.gravatar.com\/avatar\/2fd02d52e94a0b5f1d1c9d109354935a18f4a085e4fa35816607fa416c712ced?s=96&d=mm&r=g","contentUrl":"https:\/\/secure.gravatar.com\/avatar\/2fd02d52e94a0b5f1d1c9d109354935a18f4a085e4fa35816607fa416c712ced?s=96&d=mm&r=g","caption":"The Lenawee Voice"},"url":"https:\/\/lenaweevoice.com\/staging\/7542\/author\/lenaweevoice\/"}]}},"_links":{"self":[{"href":"https:\/\/lenaweevoice.com\/staging\/7542\/wp-json\/wp\/v2\/posts\/3660","targetHints":{"allow":["GET"]}}],"collection":[{"href":"https:\/\/lenaweevoice.com\/staging\/7542\/wp-json\/wp\/v2\/posts"}],"about":[{"href":"https:\/\/lenaweevoice.com\/staging\/7542\/wp-json\/wp\/v2\/types\/post"}],"author":[{"embeddable":true,"href":"https:\/\/lenaweevoice.com\/staging\/7542\/wp-json\/wp\/v2\/users\/4"}],"replies":[{"embeddable":true,"href":"https:\/\/lenaweevoice.com\/staging\/7542\/wp-json\/wp\/v2\/comments?post=3660"}],"version-history":[{"count":2,"href":"https:\/\/lenaweevoice.com\/staging\/7542\/wp-json\/wp\/v2\/posts\/3660\/revisions"}],"predecessor-version":[{"id":3665,"href":"https:\/\/lenaweevoice.com\/staging\/7542\/wp-json\/wp\/v2\/posts\/3660\/revisions\/3665"}],"wp:featuredmedia":[{"embeddable":true,"href":"https:\/\/lenaweevoice.com\/staging\/7542\/wp-json\/wp\/v2\/media\/3659"}],"wp:attachment":[{"href":"https:\/\/lenaweevoice.com\/staging\/7542\/wp-json\/wp\/v2\/media?parent=3660"}],"wp:term":[{"taxonomy":"category","embeddable":true,"href":"https:\/\/lenaweevoice.com\/staging\/7542\/wp-json\/wp\/v2\/categories?post=3660"},{"taxonomy":"post_tag","embeddable":true,"href":"https:\/\/lenaweevoice.com\/staging\/7542\/wp-json\/wp\/v2\/tags?post=3660"},{"taxonomy":"community","embeddable":true,"href":"https:\/\/lenaweevoice.com\/staging\/7542\/wp-json\/wp\/v2\/community?post=3660"}],"curies":[{"name":"wp","href":"https:\/\/api.w.org\/{rel}","templated":true}]}}