{"id":3656,"date":"2025-10-31T17:20:33","date_gmt":"2025-10-31T17:20:33","guid":{"rendered":"https:\/\/lenaweevoice.com\/?p=3656"},"modified":"2025-10-31T17:20:35","modified_gmt":"2025-10-31T17:20:35","slug":"meijer-se-asocia-con-una-despensa-de-alimentos-para-ayudar-a-alimentar-a-la-comunidad","status":"publish","type":"post","link":"https:\/\/lenaweevoice.com\/staging\/7542\/2025\/10\/31\/meijer-se-asocia-con-una-despensa-de-alimentos-para-ayudar-a-alimentar-a-la-comunidad\/","title":{"rendered":"Meijer se asocia con una despensa de alimentos para ayudar a alimentar a la comunidad\u00a0"},"content":{"rendered":"\n<figure class=\"wp-block-image size-large\"><img loading=\"lazy\" decoding=\"async\" width=\"1024\" height=\"579\" src=\"http:\/\/lenaweevoice.com\/staging\/7542\/wp-content\/uploads\/2025\/10\/adrian-meijer-1024x579.jpg\" alt=\"Los compradores en Meijer en Adrian pueden ayudar a combatir el hambre comprando tarjetas \u201cSimplemente dar\u201d (Simply Give) de $10 en la caja registradora.\" class=\"wp-image-3652\" srcset=\"https:\/\/lenaweevoice.com\/staging\/7542\/wp-content\/uploads\/2025\/10\/adrian-meijer-1024x579.jpg 1024w, https:\/\/lenaweevoice.com\/staging\/7542\/wp-content\/uploads\/2025\/10\/adrian-meijer-300x170.jpg 300w, https:\/\/lenaweevoice.com\/staging\/7542\/wp-content\/uploads\/2025\/10\/adrian-meijer-768x434.jpg 768w, https:\/\/lenaweevoice.com\/staging\/7542\/wp-content\/uploads\/2025\/10\/adrian-meijer-150x85.jpg 150w, https:\/\/lenaweevoice.com\/staging\/7542\/wp-content\/uploads\/2025\/10\/adrian-meijer-696x393.jpg 696w, https:\/\/lenaweevoice.com\/staging\/7542\/wp-content\/uploads\/2025\/10\/adrian-meijer-1068x603.jpg 1068w, https:\/\/lenaweevoice.com\/staging\/7542\/wp-content\/uploads\/2025\/10\/adrian-meijer.jpg 1200w\" sizes=\"auto, (max-width: 1024px) 100vw, 1024px\" \/><figcaption class=\"wp-element-caption\">Los compradores en Meijer en Adrian pueden ayudar a combatir el hambre comprando tarjetas \u201cSimplemente dar\u201d (Simply Give) de $10 en la caja registradora. <\/figcaption><\/figure>\n\n\n\n<p class=\"wp-block-paragraph\">ADRIAN \u2014 Desde ahora y hasta el 27 de diciembre, los compradores en Meijer en Adrian pueden ayudar a combatir el hambre comprando tarjetas \u201cSimplemente dar\u201d (Simply Give) de $10 en la caja registradora.&nbsp;<\/p>\n\n\n\n<p class=\"wp-block-paragraph\">Meijer igualar\u00e1 cada compra y las ganancias beneficiar\u00e1n a la despensa de alimentos de San Vincente de Pablo (St. Vicente de Pa\u00fal) en el campus de San Jos\u00e9 (St Joseph) de la Parroquia de la Sagrada Familia en Adrian (Holy Family Parish). El 13 de diciembre, Meijer igualar\u00e1 cada contribuci\u00f3n al doble, lo que significa que por cada tarjeta comprada de \u201c Simplemente dar\u201d de $10, Meijer contribuir\u00e1 con $20.&nbsp;<\/p>\n\n\n\n<p class=\"wp-block-paragraph\">La despensa de alimentos de San Vicente de Pablol est\u00e1 viendo un aumento en el n\u00famero de residentes de Adrian que necesitan asistencia alimentaria.&nbsp;<\/p>\n\n\n\n<p class=\"has-text-align-right wp-block-paragraph\">\u2014 \u00ad<em> Traducido por<\/em> <em>Lizbeth Perez-Cazares<\/em><\/p>\n","protected":false},"excerpt":{"rendered":"<p>ADRIAN \u2014 Desde ahora y hasta el 27 de diciembre, los compradores en Meijer en Adrian pueden ayudar a combatir el hambre comprando tarjetas \u201cSimplemente dar\u201d (Simply Give) de $10 en la caja registradora.\u00a0<\/p>\n","protected":false},"author":4,"featured_media":3652,"comment_status":"open","ping_status":"open","sticky":false,"template":"","format":"standard","meta":{"nf_dc_page":"","om_disable_all_campaigns":false,"_monsterinsights_skip_tracking":false,"footnotes":""},"categories":[34],"tags":[],"community":[],"class_list":["post-3656","post","type-post","status-publish","format-standard","has-post-thumbnail","category-es"],"yoast_head":"<!-- This site is optimized with the Yoast SEO plugin v28.4 - https:\/\/yoast.com\/product\/yoast-seo-wordpress\/ -->\n<title>Meijer se asocia con una despensa de alimentos para ayudar a alimentar a la comunidad\u00a0 | The Lenawee Voice<\/title>\n<meta name=\"robots\" content=\"noindex, follow, max-snippet:-1, max-image-preview:large, max-video-preview:-1\" \/>\n<meta property=\"og:locale\" content=\"en_US\" \/>\n<meta property=\"og:type\" content=\"article\" \/>\n<meta property=\"og:title\" content=\"Meijer se asocia con una despensa de alimentos para ayudar a alimentar a la comunidad\u00a0 | The Lenawee Voice\" \/>\n<meta property=\"og:description\" content=\"ADRIAN \u2014 Desde ahora y hasta el 27 de diciembre, los compradores en Meijer en Adrian pueden ayudar a combatir el hambre comprando tarjetas \u201cSimplemente dar\u201d (Simply Give) de $10 en la caja registradora.\u00a0\" \/>\n<meta property=\"og:url\" content=\"https:\/\/lenaweevoice.com\/staging\/7542\/2025\/10\/31\/meijer-se-asocia-con-una-despensa-de-alimentos-para-ayudar-a-alimentar-a-la-comunidad\/\" \/>\n<meta property=\"og:site_name\" content=\"The Lenawee Voice\" \/>\n<meta property=\"article:published_time\" content=\"2025-10-31T17:20:33+00:00\" \/>\n<meta property=\"article:modified_time\" content=\"2025-10-31T17:20:35+00:00\" \/>\n<meta property=\"og:image\" content=\"https:\/\/lenaweevoice.com\/staging\/7542\/wp-content\/uploads\/2025\/10\/adrian-meijer.jpg\" \/>\n\t<meta property=\"og:image:width\" content=\"1200\" \/>\n\t<meta property=\"og:image:height\" content=\"678\" \/>\n\t<meta property=\"og:image:type\" content=\"image\/jpeg\" \/>\n<meta name=\"author\" content=\"The Lenawee Voice\" \/>\n<meta name=\"twitter:card\" content=\"summary_large_image\" \/>\n<meta name=\"twitter:label1\" content=\"Written by\" \/>\n\t<meta name=\"twitter:data1\" content=\"The Lenawee Voice\" \/>\n\t<meta name=\"twitter:label2\" content=\"Est. reading time\" \/>\n\t<meta name=\"twitter:data2\" content=\"2 minutes\" \/>\n<script type=\"application\/ld+json\" class=\"yoast-schema-graph\">{\"@context\":\"https:\\\/\\\/schema.org\",\"@graph\":[{\"@type\":\"Article\",\"@id\":\"https:\\\/\\\/lenaweevoice.com\\\/staging\\\/7542\\\/2025\\\/10\\\/31\\\/meijer-se-asocia-con-una-despensa-de-alimentos-para-ayudar-a-alimentar-a-la-comunidad\\\/#article\",\"isPartOf\":{\"@id\":\"https:\\\/\\\/lenaweevoice.com\\\/staging\\\/7542\\\/2025\\\/10\\\/31\\\/meijer-se-asocia-con-una-despensa-de-alimentos-para-ayudar-a-alimentar-a-la-comunidad\\\/\"},\"author\":{\"name\":\"The Lenawee Voice\",\"@id\":\"https:\\\/\\\/lenaweevoice.com\\\/staging\\\/7542\\\/#\\\/schema\\\/person\\\/a3dbe06f1af3e72ada6b9b909aa8f883\"},\"headline\":\"Meijer se asocia con una despensa de alimentos para ayudar a alimentar a la comunidad\u00a0\",\"datePublished\":\"2025-10-31T17:20:33+00:00\",\"dateModified\":\"2025-10-31T17:20:35+00:00\",\"mainEntityOfPage\":{\"@id\":\"https:\\\/\\\/lenaweevoice.com\\\/staging\\\/7542\\\/2025\\\/10\\\/31\\\/meijer-se-asocia-con-una-despensa-de-alimentos-para-ayudar-a-alimentar-a-la-comunidad\\\/\"},\"wordCount\":170,\"commentCount\":0,\"publisher\":{\"@id\":\"https:\\\/\\\/lenaweevoice.com\\\/staging\\\/7542\\\/#organization\"},\"image\":{\"@id\":\"https:\\\/\\\/lenaweevoice.com\\\/staging\\\/7542\\\/2025\\\/10\\\/31\\\/meijer-se-asocia-con-una-despensa-de-alimentos-para-ayudar-a-alimentar-a-la-comunidad\\\/#primaryimage\"},\"thumbnailUrl\":\"https:\\\/\\\/lenaweevoice.com\\\/staging\\\/7542\\\/wp-content\\\/uploads\\\/2025\\\/10\\\/adrian-meijer.jpg\",\"articleSection\":[\"Noticias Locales\"],\"inLanguage\":\"en-US\",\"potentialAction\":[{\"@type\":\"CommentAction\",\"name\":\"Comment\",\"target\":[\"https:\\\/\\\/lenaweevoice.com\\\/staging\\\/7542\\\/2025\\\/10\\\/31\\\/meijer-se-asocia-con-una-despensa-de-alimentos-para-ayudar-a-alimentar-a-la-comunidad\\\/#respond\"]}]},{\"@type\":\"WebPage\",\"@id\":\"https:\\\/\\\/lenaweevoice.com\\\/staging\\\/7542\\\/2025\\\/10\\\/31\\\/meijer-se-asocia-con-una-despensa-de-alimentos-para-ayudar-a-alimentar-a-la-comunidad\\\/\",\"url\":\"https:\\\/\\\/lenaweevoice.com\\\/staging\\\/7542\\\/2025\\\/10\\\/31\\\/meijer-se-asocia-con-una-despensa-de-alimentos-para-ayudar-a-alimentar-a-la-comunidad\\\/\",\"name\":\"Meijer se asocia con una despensa de alimentos para ayudar a alimentar a la comunidad\u00a0 | The Lenawee Voice\",\"isPartOf\":{\"@id\":\"https:\\\/\\\/lenaweevoice.com\\\/staging\\\/7542\\\/#website\"},\"primaryImageOfPage\":{\"@id\":\"https:\\\/\\\/lenaweevoice.com\\\/staging\\\/7542\\\/2025\\\/10\\\/31\\\/meijer-se-asocia-con-una-despensa-de-alimentos-para-ayudar-a-alimentar-a-la-comunidad\\\/#primaryimage\"},\"image\":{\"@id\":\"https:\\\/\\\/lenaweevoice.com\\\/staging\\\/7542\\\/2025\\\/10\\\/31\\\/meijer-se-asocia-con-una-despensa-de-alimentos-para-ayudar-a-alimentar-a-la-comunidad\\\/#primaryimage\"},\"thumbnailUrl\":\"https:\\\/\\\/lenaweevoice.com\\\/staging\\\/7542\\\/wp-content\\\/uploads\\\/2025\\\/10\\\/adrian-meijer.jpg\",\"datePublished\":\"2025-10-31T17:20:33+00:00\",\"dateModified\":\"2025-10-31T17:20:35+00:00\",\"breadcrumb\":{\"@id\":\"https:\\\/\\\/lenaweevoice.com\\\/staging\\\/7542\\\/2025\\\/10\\\/31\\\/meijer-se-asocia-con-una-despensa-de-alimentos-para-ayudar-a-alimentar-a-la-comunidad\\\/#breadcrumb\"},\"inLanguage\":\"en-US\",\"potentialAction\":[{\"@type\":\"ReadAction\",\"target\":[\"https:\\\/\\\/lenaweevoice.com\\\/staging\\\/7542\\\/2025\\\/10\\\/31\\\/meijer-se-asocia-con-una-despensa-de-alimentos-para-ayudar-a-alimentar-a-la-comunidad\\\/\"]}]},{\"@type\":\"ImageObject\",\"inLanguage\":\"en-US\",\"@id\":\"https:\\\/\\\/lenaweevoice.com\\\/staging\\\/7542\\\/2025\\\/10\\\/31\\\/meijer-se-asocia-con-una-despensa-de-alimentos-para-ayudar-a-alimentar-a-la-comunidad\\\/#primaryimage\",\"url\":\"https:\\\/\\\/lenaweevoice.com\\\/staging\\\/7542\\\/wp-content\\\/uploads\\\/2025\\\/10\\\/adrian-meijer.jpg\",\"contentUrl\":\"https:\\\/\\\/lenaweevoice.com\\\/staging\\\/7542\\\/wp-content\\\/uploads\\\/2025\\\/10\\\/adrian-meijer.jpg\",\"width\":1200,\"height\":678,\"caption\":\"Los compradores en Meijer en Adrian pueden ayudar a combatir el hambre comprando tarjetas \u201cSimplemente dar\u201d (Simply Give) de $10 en la caja registradora.\"},{\"@type\":\"BreadcrumbList\",\"@id\":\"https:\\\/\\\/lenaweevoice.com\\\/staging\\\/7542\\\/2025\\\/10\\\/31\\\/meijer-se-asocia-con-una-despensa-de-alimentos-para-ayudar-a-alimentar-a-la-comunidad\\\/#breadcrumb\",\"itemListElement\":[{\"@type\":\"ListItem\",\"position\":1,\"name\":\"Home\",\"item\":\"https:\\\/\\\/lenaweevoice.com\\\/staging\\\/7542\\\/\"},{\"@type\":\"ListItem\",\"position\":2,\"name\":\"Meijer se asocia con una despensa de alimentos para ayudar a alimentar a la comunidad\u00a0\"}]},{\"@type\":\"WebSite\",\"@id\":\"https:\\\/\\\/lenaweevoice.com\\\/staging\\\/7542\\\/#website\",\"url\":\"https:\\\/\\\/lenaweevoice.com\\\/staging\\\/7542\\\/\",\"name\":\"The Lenawee Voice\",\"description\":\"Local news for the Adrian, Michigan area\",\"publisher\":{\"@id\":\"https:\\\/\\\/lenaweevoice.com\\\/staging\\\/7542\\\/#organization\"},\"potentialAction\":[{\"@type\":\"SearchAction\",\"target\":{\"@type\":\"EntryPoint\",\"urlTemplate\":\"https:\\\/\\\/lenaweevoice.com\\\/staging\\\/7542\\\/?s={search_term_string}\"},\"query-input\":{\"@type\":\"PropertyValueSpecification\",\"valueRequired\":true,\"valueName\":\"search_term_string\"}}],\"inLanguage\":\"en-US\"},{\"@type\":\"Organization\",\"@id\":\"https:\\\/\\\/lenaweevoice.com\\\/staging\\\/7542\\\/#organization\",\"name\":\"The Lenawee Voice\",\"url\":\"https:\\\/\\\/lenaweevoice.com\\\/staging\\\/7542\\\/\",\"logo\":{\"@type\":\"ImageObject\",\"inLanguage\":\"en-US\",\"@id\":\"https:\\\/\\\/lenaweevoice.com\\\/staging\\\/7542\\\/#\\\/schema\\\/logo\\\/image\\\/\",\"url\":\"https:\\\/\\\/lenaweevoice.com\\\/staging\\\/7542\\\/wp-content\\\/uploads\\\/2023\\\/08\\\/Lenawee-Voice-544x180-1.png\",\"contentUrl\":\"https:\\\/\\\/lenaweevoice.com\\\/staging\\\/7542\\\/wp-content\\\/uploads\\\/2023\\\/08\\\/Lenawee-Voice-544x180-1.png\",\"width\":544,\"height\":180,\"caption\":\"The Lenawee Voice\"},\"image\":{\"@id\":\"https:\\\/\\\/lenaweevoice.com\\\/staging\\\/7542\\\/#\\\/schema\\\/logo\\\/image\\\/\"}},{\"@type\":\"Person\",\"@id\":\"https:\\\/\\\/lenaweevoice.com\\\/staging\\\/7542\\\/#\\\/schema\\\/person\\\/a3dbe06f1af3e72ada6b9b909aa8f883\",\"name\":\"The Lenawee Voice\",\"image\":{\"@type\":\"ImageObject\",\"inLanguage\":\"en-US\",\"@id\":\"https:\\\/\\\/secure.gravatar.com\\\/avatar\\\/2fd02d52e94a0b5f1d1c9d109354935a18f4a085e4fa35816607fa416c712ced?s=96&d=mm&r=g\",\"url\":\"https:\\\/\\\/secure.gravatar.com\\\/avatar\\\/2fd02d52e94a0b5f1d1c9d109354935a18f4a085e4fa35816607fa416c712ced?s=96&d=mm&r=g\",\"contentUrl\":\"https:\\\/\\\/secure.gravatar.com\\\/avatar\\\/2fd02d52e94a0b5f1d1c9d109354935a18f4a085e4fa35816607fa416c712ced?s=96&d=mm&r=g\",\"caption\":\"The Lenawee Voice\"},\"url\":\"https:\\\/\\\/lenaweevoice.com\\\/staging\\\/7542\\\/author\\\/lenaweevoice\\\/\"}]}<\/script>\n<!-- \/ Yoast SEO plugin. -->","yoast_head_json":{"title":"Meijer se asocia con una despensa de alimentos para ayudar a alimentar a la comunidad\u00a0 | The Lenawee Voice","robots":{"index":"noindex","follow":"follow","max-snippet":"max-snippet:-1","max-image-preview":"max-image-preview:large","max-video-preview":"max-video-preview:-1"},"og_locale":"en_US","og_type":"article","og_title":"Meijer se asocia con una despensa de alimentos para ayudar a alimentar a la comunidad\u00a0 | The Lenawee Voice","og_description":"ADRIAN \u2014 Desde ahora y hasta el 27 de diciembre, los compradores en Meijer en Adrian pueden ayudar a combatir el hambre comprando tarjetas \u201cSimplemente dar\u201d (Simply Give) de $10 en la caja registradora.\u00a0","og_url":"https:\/\/lenaweevoice.com\/staging\/7542\/2025\/10\/31\/meijer-se-asocia-con-una-despensa-de-alimentos-para-ayudar-a-alimentar-a-la-comunidad\/","og_site_name":"The Lenawee Voice","article_published_time":"2025-10-31T17:20:33+00:00","article_modified_time":"2025-10-31T17:20:35+00:00","og_image":[{"width":1200,"height":678,"url":"https:\/\/lenaweevoice.com\/staging\/7542\/wp-content\/uploads\/2025\/10\/adrian-meijer.jpg","type":"image\/jpeg"}],"author":"The Lenawee Voice","twitter_card":"summary_large_image","twitter_misc":{"Written by":"The Lenawee Voice","Est. reading time":"2 minutes"},"schema":{"@context":"https:\/\/schema.org","@graph":[{"@type":"Article","@id":"https:\/\/lenaweevoice.com\/staging\/7542\/2025\/10\/31\/meijer-se-asocia-con-una-despensa-de-alimentos-para-ayudar-a-alimentar-a-la-comunidad\/#article","isPartOf":{"@id":"https:\/\/lenaweevoice.com\/staging\/7542\/2025\/10\/31\/meijer-se-asocia-con-una-despensa-de-alimentos-para-ayudar-a-alimentar-a-la-comunidad\/"},"author":{"name":"The Lenawee Voice","@id":"https:\/\/lenaweevoice.com\/staging\/7542\/#\/schema\/person\/a3dbe06f1af3e72ada6b9b909aa8f883"},"headline":"Meijer se asocia con una despensa de alimentos para ayudar a alimentar a la comunidad\u00a0","datePublished":"2025-10-31T17:20:33+00:00","dateModified":"2025-10-31T17:20:35+00:00","mainEntityOfPage":{"@id":"https:\/\/lenaweevoice.com\/staging\/7542\/2025\/10\/31\/meijer-se-asocia-con-una-despensa-de-alimentos-para-ayudar-a-alimentar-a-la-comunidad\/"},"wordCount":170,"commentCount":0,"publisher":{"@id":"https:\/\/lenaweevoice.com\/staging\/7542\/#organization"},"image":{"@id":"https:\/\/lenaweevoice.com\/staging\/7542\/2025\/10\/31\/meijer-se-asocia-con-una-despensa-de-alimentos-para-ayudar-a-alimentar-a-la-comunidad\/#primaryimage"},"thumbnailUrl":"https:\/\/lenaweevoice.com\/staging\/7542\/wp-content\/uploads\/2025\/10\/adrian-meijer.jpg","articleSection":["Noticias Locales"],"inLanguage":"en-US","potentialAction":[{"@type":"CommentAction","name":"Comment","target":["https:\/\/lenaweevoice.com\/staging\/7542\/2025\/10\/31\/meijer-se-asocia-con-una-despensa-de-alimentos-para-ayudar-a-alimentar-a-la-comunidad\/#respond"]}]},{"@type":"WebPage","@id":"https:\/\/lenaweevoice.com\/staging\/7542\/2025\/10\/31\/meijer-se-asocia-con-una-despensa-de-alimentos-para-ayudar-a-alimentar-a-la-comunidad\/","url":"https:\/\/lenaweevoice.com\/staging\/7542\/2025\/10\/31\/meijer-se-asocia-con-una-despensa-de-alimentos-para-ayudar-a-alimentar-a-la-comunidad\/","name":"Meijer se asocia con una despensa de alimentos para ayudar a alimentar a la comunidad\u00a0 | The Lenawee Voice","isPartOf":{"@id":"https:\/\/lenaweevoice.com\/staging\/7542\/#website"},"primaryImageOfPage":{"@id":"https:\/\/lenaweevoice.com\/staging\/7542\/2025\/10\/31\/meijer-se-asocia-con-una-despensa-de-alimentos-para-ayudar-a-alimentar-a-la-comunidad\/#primaryimage"},"image":{"@id":"https:\/\/lenaweevoice.com\/staging\/7542\/2025\/10\/31\/meijer-se-asocia-con-una-despensa-de-alimentos-para-ayudar-a-alimentar-a-la-comunidad\/#primaryimage"},"thumbnailUrl":"https:\/\/lenaweevoice.com\/staging\/7542\/wp-content\/uploads\/2025\/10\/adrian-meijer.jpg","datePublished":"2025-10-31T17:20:33+00:00","dateModified":"2025-10-31T17:20:35+00:00","breadcrumb":{"@id":"https:\/\/lenaweevoice.com\/staging\/7542\/2025\/10\/31\/meijer-se-asocia-con-una-despensa-de-alimentos-para-ayudar-a-alimentar-a-la-comunidad\/#breadcrumb"},"inLanguage":"en-US","potentialAction":[{"@type":"ReadAction","target":["https:\/\/lenaweevoice.com\/staging\/7542\/2025\/10\/31\/meijer-se-asocia-con-una-despensa-de-alimentos-para-ayudar-a-alimentar-a-la-comunidad\/"]}]},{"@type":"ImageObject","inLanguage":"en-US","@id":"https:\/\/lenaweevoice.com\/staging\/7542\/2025\/10\/31\/meijer-se-asocia-con-una-despensa-de-alimentos-para-ayudar-a-alimentar-a-la-comunidad\/#primaryimage","url":"https:\/\/lenaweevoice.com\/staging\/7542\/wp-content\/uploads\/2025\/10\/adrian-meijer.jpg","contentUrl":"https:\/\/lenaweevoice.com\/staging\/7542\/wp-content\/uploads\/2025\/10\/adrian-meijer.jpg","width":1200,"height":678,"caption":"Los compradores en Meijer en Adrian pueden ayudar a combatir el hambre comprando tarjetas \u201cSimplemente dar\u201d (Simply Give) de $10 en la caja registradora."},{"@type":"BreadcrumbList","@id":"https:\/\/lenaweevoice.com\/staging\/7542\/2025\/10\/31\/meijer-se-asocia-con-una-despensa-de-alimentos-para-ayudar-a-alimentar-a-la-comunidad\/#breadcrumb","itemListElement":[{"@type":"ListItem","position":1,"name":"Home","item":"https:\/\/lenaweevoice.com\/staging\/7542\/"},{"@type":"ListItem","position":2,"name":"Meijer se asocia con una despensa de alimentos para ayudar a alimentar a la comunidad\u00a0"}]},{"@type":"WebSite","@id":"https:\/\/lenaweevoice.com\/staging\/7542\/#website","url":"https:\/\/lenaweevoice.com\/staging\/7542\/","name":"The Lenawee Voice","description":"Local news for the Adrian, Michigan area","publisher":{"@id":"https:\/\/lenaweevoice.com\/staging\/7542\/#organization"},"potentialAction":[{"@type":"SearchAction","target":{"@type":"EntryPoint","urlTemplate":"https:\/\/lenaweevoice.com\/staging\/7542\/?s={search_term_string}"},"query-input":{"@type":"PropertyValueSpecification","valueRequired":true,"valueName":"search_term_string"}}],"inLanguage":"en-US"},{"@type":"Organization","@id":"https:\/\/lenaweevoice.com\/staging\/7542\/#organization","name":"The Lenawee Voice","url":"https:\/\/lenaweevoice.com\/staging\/7542\/","logo":{"@type":"ImageObject","inLanguage":"en-US","@id":"https:\/\/lenaweevoice.com\/staging\/7542\/#\/schema\/logo\/image\/","url":"https:\/\/lenaweevoice.com\/staging\/7542\/wp-content\/uploads\/2023\/08\/Lenawee-Voice-544x180-1.png","contentUrl":"https:\/\/lenaweevoice.com\/staging\/7542\/wp-content\/uploads\/2023\/08\/Lenawee-Voice-544x180-1.png","width":544,"height":180,"caption":"The Lenawee Voice"},"image":{"@id":"https:\/\/lenaweevoice.com\/staging\/7542\/#\/schema\/logo\/image\/"}},{"@type":"Person","@id":"https:\/\/lenaweevoice.com\/staging\/7542\/#\/schema\/person\/a3dbe06f1af3e72ada6b9b909aa8f883","name":"The Lenawee Voice","image":{"@type":"ImageObject","inLanguage":"en-US","@id":"https:\/\/secure.gravatar.com\/avatar\/2fd02d52e94a0b5f1d1c9d109354935a18f4a085e4fa35816607fa416c712ced?s=96&d=mm&r=g","url":"https:\/\/secure.gravatar.com\/avatar\/2fd02d52e94a0b5f1d1c9d109354935a18f4a085e4fa35816607fa416c712ced?s=96&d=mm&r=g","contentUrl":"https:\/\/secure.gravatar.com\/avatar\/2fd02d52e94a0b5f1d1c9d109354935a18f4a085e4fa35816607fa416c712ced?s=96&d=mm&r=g","caption":"The Lenawee Voice"},"url":"https:\/\/lenaweevoice.com\/staging\/7542\/author\/lenaweevoice\/"}]}},"_links":{"self":[{"href":"https:\/\/lenaweevoice.com\/staging\/7542\/wp-json\/wp\/v2\/posts\/3656","targetHints":{"allow":["GET"]}}],"collection":[{"href":"https:\/\/lenaweevoice.com\/staging\/7542\/wp-json\/wp\/v2\/posts"}],"about":[{"href":"https:\/\/lenaweevoice.com\/staging\/7542\/wp-json\/wp\/v2\/types\/post"}],"author":[{"embeddable":true,"href":"https:\/\/lenaweevoice.com\/staging\/7542\/wp-json\/wp\/v2\/users\/4"}],"replies":[{"embeddable":true,"href":"https:\/\/lenaweevoice.com\/staging\/7542\/wp-json\/wp\/v2\/comments?post=3656"}],"version-history":[{"count":1,"href":"https:\/\/lenaweevoice.com\/staging\/7542\/wp-json\/wp\/v2\/posts\/3656\/revisions"}],"predecessor-version":[{"id":3657,"href":"https:\/\/lenaweevoice.com\/staging\/7542\/wp-json\/wp\/v2\/posts\/3656\/revisions\/3657"}],"wp:featuredmedia":[{"embeddable":true,"href":"https:\/\/lenaweevoice.com\/staging\/7542\/wp-json\/wp\/v2\/media\/3652"}],"wp:attachment":[{"href":"https:\/\/lenaweevoice.com\/staging\/7542\/wp-json\/wp\/v2\/media?parent=3656"}],"wp:term":[{"taxonomy":"category","embeddable":true,"href":"https:\/\/lenaweevoice.com\/staging\/7542\/wp-json\/wp\/v2\/categories?post=3656"},{"taxonomy":"post_tag","embeddable":true,"href":"https:\/\/lenaweevoice.com\/staging\/7542\/wp-json\/wp\/v2\/tags?post=3656"},{"taxonomy":"community","embeddable":true,"href":"https:\/\/lenaweevoice.com\/staging\/7542\/wp-json\/wp\/v2\/community?post=3656"}],"curies":[{"name":"wp","href":"https:\/\/api.w.org\/{rel}","templated":true}]}}