{"id":3602,"date":"2025-10-16T00:15:44","date_gmt":"2025-10-16T00:15:44","guid":{"rendered":"https:\/\/lenaweevoice.com\/?p=3602"},"modified":"2026-09-03T23:50:26","modified_gmt":"2026-09-04T04:50:26","slug":"la-biblioteca-de-adrian-organiza-actividades-para-celebrar-el-dia-de-muertos","status":"publish","type":"post","link":"https:\/\/lenaweevoice.com\/staging\/7542\/2025\/10\/16\/la-biblioteca-de-adrian-organiza-actividades-para-celebrar-el-dia-de-muertos\/","title":{"rendered":"La biblioteca de Adrian organiza actividades para celebrar el D\u00eda de Muertos"},"content":{"rendered":"\n<figure class=\"wp-block-image size-large\"><img loading=\"lazy\" decoding=\"async\" width=\"1024\" height=\"957\" src=\"http:\/\/lenaweevoice.com\/staging\/7542\/wp-content\/uploads\/2025\/10\/Community-Ofrenda-2024-web-1024x957.jpg\" alt=\"\" class=\"wp-image-3598\" srcset=\"https:\/\/lenaweevoice.com\/staging\/7542\/wp-content\/uploads\/2025\/10\/Community-Ofrenda-2024-web-1024x957.jpg 1024w, https:\/\/lenaweevoice.com\/staging\/7542\/wp-content\/uploads\/2025\/10\/Community-Ofrenda-2024-web-300x280.jpg 300w, https:\/\/lenaweevoice.com\/staging\/7542\/wp-content\/uploads\/2025\/10\/Community-Ofrenda-2024-web-768x717.jpg 768w, https:\/\/lenaweevoice.com\/staging\/7542\/wp-content\/uploads\/2025\/10\/Community-Ofrenda-2024-web-150x140.jpg 150w, https:\/\/lenaweevoice.com\/staging\/7542\/wp-content\/uploads\/2025\/10\/Community-Ofrenda-2024-web-696x650.jpg 696w, https:\/\/lenaweevoice.com\/staging\/7542\/wp-content\/uploads\/2025\/10\/Community-Ofrenda-2024-web-1068x998.jpg 1068w, https:\/\/lenaweevoice.com\/staging\/7542\/wp-content\/uploads\/2025\/10\/Community-Ofrenda-2024-web.jpg 1200w\" sizes=\"auto, (max-width: 1024px) 100vw, 1024px\" \/><figcaption class=\"wp-element-caption\">La Ofrenda Comunitaria de la biblioteca en 2024.<\/figcaption><\/figure>\n\n\n\n<p class=\"wp-block-paragraph\">ADRIAN \u2014 La <a href=\"https:\/\/adrian.lib.mi.us\/\">Biblioteca del Distrito de Adrian<\/a> honrar\u00e1 el D\u00eda de los Muertos a trav\u00e9s de una Ofrenda Comunitaria, creando un ambiente acogedor para que los miembros de la comunidad celebren y reflexionen sobre las vidas de los seres queridos que han fallecido.\u00a0<\/p>\n\n\n\n<p class=\"wp-block-paragraph\">Adem\u00e1s de reconocer el D\u00eda de Muertos el 1 de noviembre, la biblioteca est\u00e1 planeando diferentes actividades culturales durante octubre para crear conciencia sobre el significado y los aspectos culturales de esta celebraci\u00f3n.&nbsp;<\/p>\n\n\n\n<p class=\"wp-block-paragraph\">Durante los \u00faltimos dos a\u00f1os, la Ofrenda Comunitaria en la biblioteca ha sido el punto focal de un evento comunitario, fomentando la conexi\u00f3n cultural y el aprecio por las tradiciones del D\u00eda de Muertos. La biblioteca tambi\u00e9n ha organizado exhibiciones con libros sobre el D\u00eda de Muertos, as\u00ed como decoraciones y eventos relacionados con la festividad, haci\u00e9ndola accesible a todos los miembros de nuestra comunidad, de todos los grupos \u00e9tnicos y edades.&nbsp;<\/p>\n\n\n\n<p class=\"wp-block-paragraph\">La Ofrenda Comunitaria simboliza un puente entre culturas, permitiendo a los usuarios de la biblioteca conectar con la rica herencia del D\u00eda de Muertos y celebrarla. El objetivo es preservar la tradici\u00f3n,fomentar la unidad y alentar el intercambio de recuerdos entre los diversos miembros de la comunidad de Adrian.&nbsp;<\/p>\n\n\n\n<p class=\"wp-block-paragraph\">Este a\u00f1o, la Ofrenda y la celebraci\u00f3n comunitaria de la Ofrenda est\u00e1n patrocinadas y organizadas conjuntamente por HOLA (Hispanos de Lenawee Alliance) y Meijer.&nbsp;<\/p>\n\n\n\n<p class=\"wp-block-paragraph\"><strong>Se aceptan fotograf\u00edas: <\/strong>La biblioteca invita a las personas a honrar a sus seres queridos trayendo una foto de una persona fallecida o de su mascota para incluirla en la Ofrenda Comunitaria. Las fotos deben estar impresas y no deben superar las 5&#215;7 pulgadas. Se aceptar\u00e1n del 13 al 24 de octubre. Por favor, etiqu\u00e9te su foto con su nombre e informaci\u00f3n de contacto para que podamos devolverla.&nbsp;<\/p>\n\n\n\n<p class=\"wp-block-paragraph\"><strong>Comunidad invitada a ayudar a la puesta: <\/strong>La elaboraci\u00f3n de una Ofrenda es una parte importante del homenaje a los difuntos. La biblioteca invita a los miembros de la comunidad a ayudar a poner la Ofrenda Comunitaria el s\u00e1bado 25 de octubre, de 10:00 a 11:30 am.&nbsp;<\/p>\n\n\n\n<p class=\"wp-block-paragraph\"><strong>Proyecto de manualidades para adultos: <\/strong>Prep\u00e1rate para Halloween o el D\u00eda de los Muertos decorando dos bolsas de papel con dibujos de calavera que puedes usar como farol, decoraci\u00f3n o para pedir dulces. Este proyecto de manualidades se llevar\u00e1 a cabo el martes 28 de octubre, de 5:00 a 6:00 pm, y es para mayores de 18 a\u00f1os. No es necesario registrarse.&nbsp;<\/p>\n\n\n\n<p class=\"wp-block-paragraph\"><strong>Noche de juegos: <\/strong>Divi\u00e9rtete jugando el tradicional juego mexicano de mesa Loter\u00eda, con el tema de la pel\u00edcula de Pixar \u201cCoco\u201d, inspirada en el D\u00eda de los Muertos. Todas las edades son bienvenidas y se ofrecer\u00e1n refrigerios. No es necesario registrarse.&nbsp;<\/p>\n\n\n\n<p class=\"wp-block-paragraph\"><strong>Taller Ofrenda: <\/strong>\u00bfTe gustar\u00eda poner una ofrenda pero no sabes por d\u00f3nde empezar? Este taller cubrir\u00e1 los elementos b\u00e1sicos para crear una ofrenda. Los participantes tambi\u00e9n aprender\u00e1n a hacer flores de papel tradicionales. Este taller es para mayores de 18 a\u00f1os. No es necesario registrarse.&nbsp;<\/p>\n\n\n\n<p class=\"wp-block-paragraph\"><strong>Celebraci\u00f3n de la Ofrenda Comunitaria: <\/strong>Las actividades culminar\u00e1n con la celebraci\u00f3n de la Ofrenda Comunitaria el s\u00e1bado 1 de noviembre a las 10:00 a. m. Los invitados aprender\u00e1n sobre el origen y el significado del D\u00eda de los Muertos, los altares y sus elementos, el simbolismo de La Catrina y c\u00f3mo se celebra esta festividad en diferentes partes del mundo. Se ofrecer\u00e1n refrigerios tradicionales. La celebraci\u00f3n est\u00e1 abierta al p\u00fablico y son bienvenidas todas las edades.&nbsp;<\/p>\n\n\n\n<p class=\"wp-block-paragraph\">Para obtener m\u00e1s informaci\u00f3n, visite la biblioteca en 143 E. Maumee St., vaya a <a href=\"https:\/\/www.adrian.lib.mi.us\">www.adrian.lib.mi.us<\/a> o llame al 517-265-2265.<\/p>\n\n\n\n<p class=\"has-text-align-center wp-block-paragraph\"><a href=\"https:\/\/lenaweevoice.com\/2025\/10\/16\/adrian-library-hosts-activities-to-celebrate-day-of-the-dead\/\"><strong>De un clic aqu\u00ed para leer la historia en ingl\u00e9s.<\/strong><br><strong>Click here to read this story in English.<\/strong><\/a><\/p>\n","protected":false},"excerpt":{"rendered":"<p>La Biblioteca del Distrito de Adrian honrar\u00e1 el D\u00eda de los Muertos a trav\u00e9s de una Ofrenda Comunitaria, creando un ambiente acogedor para que los miembros de la comunidad celebren y reflexionen sobre las vidas de los seres queridos que han fallecido.\u00a0<\/p>\n","protected":false},"author":4,"featured_media":3597,"comment_status":"open","ping_status":"open","sticky":false,"template":"","format":"standard","meta":{"nf_dc_page":"","om_disable_all_campaigns":false,"_monsterinsights_skip_tracking":false,"footnotes":""},"categories":[34],"tags":[],"community":[62],"class_list":["post-3602","post","type-post","status-publish","format-standard","has-post-thumbnail","category-es","community-adrian"],"yoast_head":"<!-- This site is optimized with the Yoast SEO plugin v28.4 - https:\/\/yoast.com\/product\/yoast-seo-wordpress\/ -->\n<title>La biblioteca de Adrian organiza actividades para celebrar el D\u00eda de Muertos | The Lenawee Voice<\/title>\n<meta name=\"robots\" content=\"noindex, follow, max-snippet:-1, max-image-preview:large, max-video-preview:-1\" \/>\n<meta property=\"og:locale\" content=\"en_US\" \/>\n<meta property=\"og:type\" content=\"article\" \/>\n<meta property=\"og:title\" content=\"La biblioteca de Adrian organiza actividades para celebrar el D\u00eda de Muertos | The Lenawee Voice\" \/>\n<meta property=\"og:description\" content=\"La Biblioteca del Distrito de Adrian honrar\u00e1 el D\u00eda de los Muertos a trav\u00e9s de una Ofrenda Comunitaria, creando un ambiente acogedor para que los miembros de la comunidad celebren y reflexionen sobre las vidas de los seres queridos que han fallecido.\u00a0\" \/>\n<meta property=\"og:url\" content=\"https:\/\/lenaweevoice.com\/staging\/7542\/2025\/10\/16\/la-biblioteca-de-adrian-organiza-actividades-para-celebrar-el-dia-de-muertos\/\" \/>\n<meta property=\"og:site_name\" content=\"The Lenawee Voice\" \/>\n<meta property=\"article:published_time\" content=\"2025-10-16T00:15:44+00:00\" \/>\n<meta property=\"article:modified_time\" content=\"2026-09-04T04:50:26+00:00\" \/>\n<meta property=\"og:image\" content=\"https:\/\/lenaweevoice.com\/staging\/7542\/wp-content\/uploads\/2025\/10\/Community-Ofrenda-2024-web-tn.jpg\" \/>\n\t<meta property=\"og:image:width\" content=\"1193\" \/>\n\t<meta property=\"og:image:height\" content=\"711\" \/>\n\t<meta property=\"og:image:type\" content=\"image\/jpeg\" \/>\n<meta name=\"author\" content=\"Lizbeth P\u00e9rez-C\u00e1zares\" \/>\n<meta name=\"twitter:card\" content=\"summary_large_image\" \/>\n<meta name=\"twitter:label1\" content=\"Written by\" \/>\n\t<meta name=\"twitter:data1\" content=\"Lizbeth P\u00e9rez-C\u00e1zares\" \/>\n\t<meta name=\"twitter:label2\" content=\"Est. reading time\" \/>\n\t<meta name=\"twitter:data2\" content=\"4 minutes\" \/>\n<script type=\"application\/ld+json\" class=\"yoast-schema-graph\">{\"@context\":\"https:\\\/\\\/schema.org\",\"@graph\":[{\"@type\":\"Article\",\"@id\":\"https:\\\/\\\/lenaweevoice.com\\\/staging\\\/7542\\\/2025\\\/10\\\/16\\\/la-biblioteca-de-adrian-organiza-actividades-para-celebrar-el-dia-de-muertos\\\/#article\",\"isPartOf\":{\"@id\":\"https:\\\/\\\/lenaweevoice.com\\\/staging\\\/7542\\\/2025\\\/10\\\/16\\\/la-biblioteca-de-adrian-organiza-actividades-para-celebrar-el-dia-de-muertos\\\/\"},\"author\":{\"name\":\"Lizbeth P\u00e9rez-C\u00e1zares\",\"@id\":\"https:\\\/\\\/lenaweevoice.com\\\/staging\\\/7542\\\/#\\\/schema\\\/person\\\/a3dbe06f1af3e72ada6b9b909aa8f883\"},\"headline\":\"La biblioteca de Adrian organiza actividades para celebrar el D\u00eda de Muertos\",\"datePublished\":\"2025-10-16T00:15:44+00:00\",\"dateModified\":\"2026-09-04T04:50:26+00:00\",\"mainEntityOfPage\":{\"@id\":\"https:\\\/\\\/lenaweevoice.com\\\/staging\\\/7542\\\/2025\\\/10\\\/16\\\/la-biblioteca-de-adrian-organiza-actividades-para-celebrar-el-dia-de-muertos\\\/\"},\"wordCount\":669,\"commentCount\":0,\"publisher\":{\"@id\":\"https:\\\/\\\/lenaweevoice.com\\\/staging\\\/7542\\\/#organization\"},\"image\":{\"@id\":\"https:\\\/\\\/lenaweevoice.com\\\/staging\\\/7542\\\/2025\\\/10\\\/16\\\/la-biblioteca-de-adrian-organiza-actividades-para-celebrar-el-dia-de-muertos\\\/#primaryimage\"},\"thumbnailUrl\":\"https:\\\/\\\/lenaweevoice.com\\\/staging\\\/7542\\\/wp-content\\\/uploads\\\/2025\\\/10\\\/Community-Ofrenda-2024-web-tn.jpg\",\"articleSection\":[\"Noticias Locales\"],\"inLanguage\":\"en-US\",\"potentialAction\":[{\"@type\":\"CommentAction\",\"name\":\"Comment\",\"target\":[\"https:\\\/\\\/lenaweevoice.com\\\/staging\\\/7542\\\/2025\\\/10\\\/16\\\/la-biblioteca-de-adrian-organiza-actividades-para-celebrar-el-dia-de-muertos\\\/#respond\"]}]},{\"@type\":\"WebPage\",\"@id\":\"https:\\\/\\\/lenaweevoice.com\\\/staging\\\/7542\\\/2025\\\/10\\\/16\\\/la-biblioteca-de-adrian-organiza-actividades-para-celebrar-el-dia-de-muertos\\\/\",\"url\":\"https:\\\/\\\/lenaweevoice.com\\\/staging\\\/7542\\\/2025\\\/10\\\/16\\\/la-biblioteca-de-adrian-organiza-actividades-para-celebrar-el-dia-de-muertos\\\/\",\"name\":\"La biblioteca de Adrian organiza actividades para celebrar el D\u00eda de Muertos | The Lenawee Voice\",\"isPartOf\":{\"@id\":\"https:\\\/\\\/lenaweevoice.com\\\/staging\\\/7542\\\/#website\"},\"primaryImageOfPage\":{\"@id\":\"https:\\\/\\\/lenaweevoice.com\\\/staging\\\/7542\\\/2025\\\/10\\\/16\\\/la-biblioteca-de-adrian-organiza-actividades-para-celebrar-el-dia-de-muertos\\\/#primaryimage\"},\"image\":{\"@id\":\"https:\\\/\\\/lenaweevoice.com\\\/staging\\\/7542\\\/2025\\\/10\\\/16\\\/la-biblioteca-de-adrian-organiza-actividades-para-celebrar-el-dia-de-muertos\\\/#primaryimage\"},\"thumbnailUrl\":\"https:\\\/\\\/lenaweevoice.com\\\/staging\\\/7542\\\/wp-content\\\/uploads\\\/2025\\\/10\\\/Community-Ofrenda-2024-web-tn.jpg\",\"datePublished\":\"2025-10-16T00:15:44+00:00\",\"dateModified\":\"2026-09-04T04:50:26+00:00\",\"breadcrumb\":{\"@id\":\"https:\\\/\\\/lenaweevoice.com\\\/staging\\\/7542\\\/2025\\\/10\\\/16\\\/la-biblioteca-de-adrian-organiza-actividades-para-celebrar-el-dia-de-muertos\\\/#breadcrumb\"},\"inLanguage\":\"en-US\",\"potentialAction\":[{\"@type\":\"ReadAction\",\"target\":[\"https:\\\/\\\/lenaweevoice.com\\\/staging\\\/7542\\\/2025\\\/10\\\/16\\\/la-biblioteca-de-adrian-organiza-actividades-para-celebrar-el-dia-de-muertos\\\/\"]}]},{\"@type\":\"ImageObject\",\"inLanguage\":\"en-US\",\"@id\":\"https:\\\/\\\/lenaweevoice.com\\\/staging\\\/7542\\\/2025\\\/10\\\/16\\\/la-biblioteca-de-adrian-organiza-actividades-para-celebrar-el-dia-de-muertos\\\/#primaryimage\",\"url\":\"https:\\\/\\\/lenaweevoice.com\\\/staging\\\/7542\\\/wp-content\\\/uploads\\\/2025\\\/10\\\/Community-Ofrenda-2024-web-tn.jpg\",\"contentUrl\":\"https:\\\/\\\/lenaweevoice.com\\\/staging\\\/7542\\\/wp-content\\\/uploads\\\/2025\\\/10\\\/Community-Ofrenda-2024-web-tn.jpg\",\"width\":1193,\"height\":711},{\"@type\":\"BreadcrumbList\",\"@id\":\"https:\\\/\\\/lenaweevoice.com\\\/staging\\\/7542\\\/2025\\\/10\\\/16\\\/la-biblioteca-de-adrian-organiza-actividades-para-celebrar-el-dia-de-muertos\\\/#breadcrumb\",\"itemListElement\":[{\"@type\":\"ListItem\",\"position\":1,\"name\":\"Home\",\"item\":\"https:\\\/\\\/lenaweevoice.com\\\/staging\\\/7542\\\/\"},{\"@type\":\"ListItem\",\"position\":2,\"name\":\"La biblioteca de Adrian organiza actividades para celebrar el D\u00eda de Muertos\"}]},{\"@type\":\"WebSite\",\"@id\":\"https:\\\/\\\/lenaweevoice.com\\\/staging\\\/7542\\\/#website\",\"url\":\"https:\\\/\\\/lenaweevoice.com\\\/staging\\\/7542\\\/\",\"name\":\"The Lenawee Voice\",\"description\":\"Local news for the Adrian, Michigan area\",\"publisher\":{\"@id\":\"https:\\\/\\\/lenaweevoice.com\\\/staging\\\/7542\\\/#organization\"},\"potentialAction\":[{\"@type\":\"SearchAction\",\"target\":{\"@type\":\"EntryPoint\",\"urlTemplate\":\"https:\\\/\\\/lenaweevoice.com\\\/staging\\\/7542\\\/?s={search_term_string}\"},\"query-input\":{\"@type\":\"PropertyValueSpecification\",\"valueRequired\":true,\"valueName\":\"search_term_string\"}}],\"inLanguage\":\"en-US\"},{\"@type\":\"Organization\",\"@id\":\"https:\\\/\\\/lenaweevoice.com\\\/staging\\\/7542\\\/#organization\",\"name\":\"The Lenawee Voice\",\"url\":\"https:\\\/\\\/lenaweevoice.com\\\/staging\\\/7542\\\/\",\"logo\":{\"@type\":\"ImageObject\",\"inLanguage\":\"en-US\",\"@id\":\"https:\\\/\\\/lenaweevoice.com\\\/staging\\\/7542\\\/#\\\/schema\\\/logo\\\/image\\\/\",\"url\":\"https:\\\/\\\/lenaweevoice.com\\\/staging\\\/7542\\\/wp-content\\\/uploads\\\/2023\\\/08\\\/Lenawee-Voice-544x180-1.png\",\"contentUrl\":\"https:\\\/\\\/lenaweevoice.com\\\/staging\\\/7542\\\/wp-content\\\/uploads\\\/2023\\\/08\\\/Lenawee-Voice-544x180-1.png\",\"width\":544,\"height\":180,\"caption\":\"The Lenawee Voice\"},\"image\":{\"@id\":\"https:\\\/\\\/lenaweevoice.com\\\/staging\\\/7542\\\/#\\\/schema\\\/logo\\\/image\\\/\"}},{\"@type\":\"Person\",\"@id\":\"https:\\\/\\\/lenaweevoice.com\\\/staging\\\/7542\\\/#\\\/schema\\\/person\\\/a3dbe06f1af3e72ada6b9b909aa8f883\",\"name\":\"Lizbeth P\u00e9rez-C\u00e1zares\",\"image\":{\"@type\":\"ImageObject\",\"inLanguage\":\"en-US\",\"@id\":\"https:\\\/\\\/secure.gravatar.com\\\/avatar\\\/?s=96&d=mm&r=g\",\"url\":\"https:\\\/\\\/secure.gravatar.com\\\/avatar\\\/?s=96&d=mm&r=g\",\"contentUrl\":\"https:\\\/\\\/secure.gravatar.com\\\/avatar\\\/?s=96&d=mm&r=g\",\"caption\":\"Lizbeth P\u00e9rez-C\u00e1zares\"},\"url\":\"#molongui-disabled-link\"}]}<\/script>\n<!-- \/ Yoast SEO plugin. -->","yoast_head_json":{"title":"La biblioteca de Adrian organiza actividades para celebrar el D\u00eda de Muertos | The Lenawee Voice","robots":{"index":"noindex","follow":"follow","max-snippet":"max-snippet:-1","max-image-preview":"max-image-preview:large","max-video-preview":"max-video-preview:-1"},"og_locale":"en_US","og_type":"article","og_title":"La biblioteca de Adrian organiza actividades para celebrar el D\u00eda de Muertos | The Lenawee Voice","og_description":"La Biblioteca del Distrito de Adrian honrar\u00e1 el D\u00eda de los Muertos a trav\u00e9s de una Ofrenda Comunitaria, creando un ambiente acogedor para que los miembros de la comunidad celebren y reflexionen sobre las vidas de los seres queridos que han fallecido.\u00a0","og_url":"https:\/\/lenaweevoice.com\/staging\/7542\/2025\/10\/16\/la-biblioteca-de-adrian-organiza-actividades-para-celebrar-el-dia-de-muertos\/","og_site_name":"The Lenawee Voice","article_published_time":"2025-10-16T00:15:44+00:00","article_modified_time":"2026-09-04T04:50:26+00:00","og_image":[{"width":1193,"height":711,"url":"https:\/\/lenaweevoice.com\/staging\/7542\/wp-content\/uploads\/2025\/10\/Community-Ofrenda-2024-web-tn.jpg","type":"image\/jpeg"}],"author":"Lizbeth P\u00e9rez-C\u00e1zares","twitter_card":"summary_large_image","twitter_misc":{"Written by":"Lizbeth P\u00e9rez-C\u00e1zares","Est. reading time":"4 minutes"},"schema":{"@context":"https:\/\/schema.org","@graph":[{"@type":"Article","@id":"https:\/\/lenaweevoice.com\/staging\/7542\/2025\/10\/16\/la-biblioteca-de-adrian-organiza-actividades-para-celebrar-el-dia-de-muertos\/#article","isPartOf":{"@id":"https:\/\/lenaweevoice.com\/staging\/7542\/2025\/10\/16\/la-biblioteca-de-adrian-organiza-actividades-para-celebrar-el-dia-de-muertos\/"},"author":{"name":"Lizbeth P\u00e9rez-C\u00e1zares","@id":"https:\/\/lenaweevoice.com\/staging\/7542\/#\/schema\/person\/a3dbe06f1af3e72ada6b9b909aa8f883"},"headline":"La biblioteca de Adrian organiza actividades para celebrar el D\u00eda de Muertos","datePublished":"2025-10-16T00:15:44+00:00","dateModified":"2026-09-04T04:50:26+00:00","mainEntityOfPage":{"@id":"https:\/\/lenaweevoice.com\/staging\/7542\/2025\/10\/16\/la-biblioteca-de-adrian-organiza-actividades-para-celebrar-el-dia-de-muertos\/"},"wordCount":669,"commentCount":0,"publisher":{"@id":"https:\/\/lenaweevoice.com\/staging\/7542\/#organization"},"image":{"@id":"https:\/\/lenaweevoice.com\/staging\/7542\/2025\/10\/16\/la-biblioteca-de-adrian-organiza-actividades-para-celebrar-el-dia-de-muertos\/#primaryimage"},"thumbnailUrl":"https:\/\/lenaweevoice.com\/staging\/7542\/wp-content\/uploads\/2025\/10\/Community-Ofrenda-2024-web-tn.jpg","articleSection":["Noticias Locales"],"inLanguage":"en-US","potentialAction":[{"@type":"CommentAction","name":"Comment","target":["https:\/\/lenaweevoice.com\/staging\/7542\/2025\/10\/16\/la-biblioteca-de-adrian-organiza-actividades-para-celebrar-el-dia-de-muertos\/#respond"]}]},{"@type":"WebPage","@id":"https:\/\/lenaweevoice.com\/staging\/7542\/2025\/10\/16\/la-biblioteca-de-adrian-organiza-actividades-para-celebrar-el-dia-de-muertos\/","url":"https:\/\/lenaweevoice.com\/staging\/7542\/2025\/10\/16\/la-biblioteca-de-adrian-organiza-actividades-para-celebrar-el-dia-de-muertos\/","name":"La biblioteca de Adrian organiza actividades para celebrar el D\u00eda de Muertos | The Lenawee Voice","isPartOf":{"@id":"https:\/\/lenaweevoice.com\/staging\/7542\/#website"},"primaryImageOfPage":{"@id":"https:\/\/lenaweevoice.com\/staging\/7542\/2025\/10\/16\/la-biblioteca-de-adrian-organiza-actividades-para-celebrar-el-dia-de-muertos\/#primaryimage"},"image":{"@id":"https:\/\/lenaweevoice.com\/staging\/7542\/2025\/10\/16\/la-biblioteca-de-adrian-organiza-actividades-para-celebrar-el-dia-de-muertos\/#primaryimage"},"thumbnailUrl":"https:\/\/lenaweevoice.com\/staging\/7542\/wp-content\/uploads\/2025\/10\/Community-Ofrenda-2024-web-tn.jpg","datePublished":"2025-10-16T00:15:44+00:00","dateModified":"2026-09-04T04:50:26+00:00","breadcrumb":{"@id":"https:\/\/lenaweevoice.com\/staging\/7542\/2025\/10\/16\/la-biblioteca-de-adrian-organiza-actividades-para-celebrar-el-dia-de-muertos\/#breadcrumb"},"inLanguage":"en-US","potentialAction":[{"@type":"ReadAction","target":["https:\/\/lenaweevoice.com\/staging\/7542\/2025\/10\/16\/la-biblioteca-de-adrian-organiza-actividades-para-celebrar-el-dia-de-muertos\/"]}]},{"@type":"ImageObject","inLanguage":"en-US","@id":"https:\/\/lenaweevoice.com\/staging\/7542\/2025\/10\/16\/la-biblioteca-de-adrian-organiza-actividades-para-celebrar-el-dia-de-muertos\/#primaryimage","url":"https:\/\/lenaweevoice.com\/staging\/7542\/wp-content\/uploads\/2025\/10\/Community-Ofrenda-2024-web-tn.jpg","contentUrl":"https:\/\/lenaweevoice.com\/staging\/7542\/wp-content\/uploads\/2025\/10\/Community-Ofrenda-2024-web-tn.jpg","width":1193,"height":711},{"@type":"BreadcrumbList","@id":"https:\/\/lenaweevoice.com\/staging\/7542\/2025\/10\/16\/la-biblioteca-de-adrian-organiza-actividades-para-celebrar-el-dia-de-muertos\/#breadcrumb","itemListElement":[{"@type":"ListItem","position":1,"name":"Home","item":"https:\/\/lenaweevoice.com\/staging\/7542\/"},{"@type":"ListItem","position":2,"name":"La biblioteca de Adrian organiza actividades para celebrar el D\u00eda de Muertos"}]},{"@type":"WebSite","@id":"https:\/\/lenaweevoice.com\/staging\/7542\/#website","url":"https:\/\/lenaweevoice.com\/staging\/7542\/","name":"The Lenawee Voice","description":"Local news for the Adrian, Michigan area","publisher":{"@id":"https:\/\/lenaweevoice.com\/staging\/7542\/#organization"},"potentialAction":[{"@type":"SearchAction","target":{"@type":"EntryPoint","urlTemplate":"https:\/\/lenaweevoice.com\/staging\/7542\/?s={search_term_string}"},"query-input":{"@type":"PropertyValueSpecification","valueRequired":true,"valueName":"search_term_string"}}],"inLanguage":"en-US"},{"@type":"Organization","@id":"https:\/\/lenaweevoice.com\/staging\/7542\/#organization","name":"The Lenawee Voice","url":"https:\/\/lenaweevoice.com\/staging\/7542\/","logo":{"@type":"ImageObject","inLanguage":"en-US","@id":"https:\/\/lenaweevoice.com\/staging\/7542\/#\/schema\/logo\/image\/","url":"https:\/\/lenaweevoice.com\/staging\/7542\/wp-content\/uploads\/2023\/08\/Lenawee-Voice-544x180-1.png","contentUrl":"https:\/\/lenaweevoice.com\/staging\/7542\/wp-content\/uploads\/2023\/08\/Lenawee-Voice-544x180-1.png","width":544,"height":180,"caption":"The Lenawee Voice"},"image":{"@id":"https:\/\/lenaweevoice.com\/staging\/7542\/#\/schema\/logo\/image\/"}},{"@type":"Person","@id":"https:\/\/lenaweevoice.com\/staging\/7542\/#\/schema\/person\/a3dbe06f1af3e72ada6b9b909aa8f883","name":"Lizbeth P\u00e9rez-C\u00e1zares","image":{"@type":"ImageObject","inLanguage":"en-US","@id":"https:\/\/secure.gravatar.com\/avatar\/?s=96&d=mm&r=g","url":"https:\/\/secure.gravatar.com\/avatar\/?s=96&d=mm&r=g","contentUrl":"https:\/\/secure.gravatar.com\/avatar\/?s=96&d=mm&r=g","caption":"Lizbeth P\u00e9rez-C\u00e1zares"},"url":"#molongui-disabled-link"}]}},"_links":{"self":[{"href":"https:\/\/lenaweevoice.com\/staging\/7542\/wp-json\/wp\/v2\/posts\/3602","targetHints":{"allow":["GET"]}}],"collection":[{"href":"https:\/\/lenaweevoice.com\/staging\/7542\/wp-json\/wp\/v2\/posts"}],"about":[{"href":"https:\/\/lenaweevoice.com\/staging\/7542\/wp-json\/wp\/v2\/types\/post"}],"author":[{"embeddable":true,"href":"https:\/\/lenaweevoice.com\/staging\/7542\/wp-json\/wp\/v2\/users\/4"}],"replies":[{"embeddable":true,"href":"https:\/\/lenaweevoice.com\/staging\/7542\/wp-json\/wp\/v2\/comments?post=3602"}],"version-history":[{"count":2,"href":"https:\/\/lenaweevoice.com\/staging\/7542\/wp-json\/wp\/v2\/posts\/3602\/revisions"}],"predecessor-version":[{"id":3605,"href":"https:\/\/lenaweevoice.com\/staging\/7542\/wp-json\/wp\/v2\/posts\/3602\/revisions\/3605"}],"wp:featuredmedia":[{"embeddable":true,"href":"https:\/\/lenaweevoice.com\/staging\/7542\/wp-json\/wp\/v2\/media\/3597"}],"wp:attachment":[{"href":"https:\/\/lenaweevoice.com\/staging\/7542\/wp-json\/wp\/v2\/media?parent=3602"}],"wp:term":[{"taxonomy":"category","embeddable":true,"href":"https:\/\/lenaweevoice.com\/staging\/7542\/wp-json\/wp\/v2\/categories?post=3602"},{"taxonomy":"post_tag","embeddable":true,"href":"https:\/\/lenaweevoice.com\/staging\/7542\/wp-json\/wp\/v2\/tags?post=3602"},{"taxonomy":"community","embeddable":true,"href":"https:\/\/lenaweevoice.com\/staging\/7542\/wp-json\/wp\/v2\/community?post=3602"}],"curies":[{"name":"wp","href":"https:\/\/api.w.org\/{rel}","templated":true}]}}