{"id":2904,"date":"2025-06-15T22:56:15","date_gmt":"2025-06-15T22:56:15","guid":{"rendered":"https:\/\/lenaweevoice.com\/?p=2904"},"modified":"2026-09-03T23:50:27","modified_gmt":"2026-09-04T04:50:27","slug":"raices-de-nuestra-comunidad-celebrara-las-contribuciones-hispanas-y-latinas-en-adrian","status":"publish","type":"post","link":"https:\/\/lenaweevoice.com\/staging\/7542\/2025\/06\/15\/raices-de-nuestra-comunidad-celebrara-las-contribuciones-hispanas-y-latinas-en-adrian\/","title":{"rendered":"Ra\u00edces de Nuestra Comunidad celebrar\u00e1 las contribuciones hispanas y latinas en Adrian"},"content":{"rendered":"\n<p class=\"wp-block-paragraph\">ADRIAN \u2014 Como parte de la celebraci\u00f3n del Bicentenario de la Ciudad de Adrian, una iniciativa cultural liderada por la comunidad organizada a trav\u00e9s de LLEAD Adrian, titulada Ra\u00edces de Nuestra Comunidad, honrar\u00e1 el legado de 200 a\u00f1os de los residentes hispanos y latinos de los Condados de Adrian y Lenawee. A trav\u00e9s de la narraci\u00f3n, el arte y la educaci\u00f3n cultural, el evento busca fortalecer la voz de los inmigrantes y fomentar un mayor sentido de unidad en Adrian.<\/p>\n\n\n\n<p class=\"wp-block-paragraph\">El evento del Bicentenario destacar\u00e1 el impacto duradero de las comunidades hispana y latina en la configuraci\u00f3n de la econom\u00eda agr\u00edcola de la zona, su perseverancia frente al racismo y las injusticias sociales, su liderazgo c\u00edvico y religioso, el servicio p\u00fablico, los triunfos en la defensa de los derechos laborales y la diversidad cultural de Adrian. Tambi\u00e9n honrar\u00e1 a personas dedicadas al mejoramiento de aquellos que lo necesitamos.<\/p>\n\n\n\n<p class=\"wp-block-paragraph\">Como parte de la iniciativa, se invitar\u00e1 a los miembros de la comunidad a asistir a clases culturales gratuitas y sin cita previa que brindan la oportunidad de explorar las tradiciones hispanas y latinas. Estas clases pueden incluir artes basadas en la herencia cultural, narraci\u00f3n de cuentos, experiencias culinarias, enriquecimiento ling\u00fc\u00edstico y m\u00e1s. Las clases estar\u00e1n abiertas a todas las edades y se anima al p\u00fablico a participar, independientemente de su origen.<\/p>\n\n\n\n<p class=\"wp-block-paragraph\">Los horarios, fechas y lugares de los eventos se anunciar\u00e1n pronto en el sitio web del Bicentenario de Adrian.<\/p>\n\n\n\n<p class=\"wp-block-paragraph\">Adem\u00e1s de las clases, Ra\u00edces de Nuestra Comunidad Presentar\u00e1 dos grandes proyectos narrativos:<\/p>\n\n\n\n<p class=\"wp-block-paragraph\"><strong>Arte y Reconstrucci\u00f3n de la Memoria:<\/strong> Voluntarios locales, incluyendo estudiantes de arte de la Preparatoria Adrian y del Colegio Adrian, ayudar\u00e1n a recrear objetos simb\u00f3licos y fotograf\u00edas que las familias pudieron haber perdido durante su migraci\u00f3n. Las obras de arte podr\u00e1n exhibirse p\u00fablicamente con el consentimiento de las familias o mantenerse en privado si as\u00ed lo desean. Se respetar\u00e1n todas las decisiones sobre la privacidad.<\/p>\n\n\n\n<p class=\"wp-block-paragraph\"><strong>Historia Oral y Preservaci\u00f3n de Relatos: <\/strong>Las familias est\u00e1n invitadas a escribir o registrar relatos personales y familiares con la ayuda de voluntarios como escritores, periodistas, personas biling\u00fces, estudiantes y miembros compasivos de la comunidad. Los relatos podr\u00e1n archivarse- solo con permiso\u2014 en la colecci\u00f3n hist\u00f3rica de la Biblioteca del Distrito de Adrian. Las familias tambi\u00e9n pueden optar por conservar sus historias impresas sin necesidad de subirlas digitalmente.<\/p>\n\n\n\n<p class=\"wp-block-paragraph\">Los objetivos de Ra\u00edces de Nuestra Comunidad son:<\/p>\n\n\n\n<ul class=\"wp-block-list\">\n<li>Celebremos los 200 a\u00f1os de contribuciones hispanas y latinas en el Condado de Adrian y Lenawee.<\/li>\n\n\n\n<li>Educar al p\u00fablico sobre la historia a menudo pasada por alto de las comunidades latinas locales y de l\u00edderes comunitarios.\u00a0<\/li>\n\n\n\n<li>Ayudar a las generaciones m\u00e1s j\u00f3venes, especialmente a los hijos de inmigrantes de primera y segunda generaci\u00f3n, a conectarse con su cultura y su idioma.\u00a0<\/li>\n\n\n\n<li>Damos la bienvenida a los residentes de los condados vecinos y expresamos nuestra gratitud por su papel en la construcci\u00f3n de una ciudad diversa, vibrante y mejor, La Ciudad de Adrian.\u00a0<\/li>\n\n\n\n<li>Fomentar la unidad dentro de la comunidad hispana y latina, as\u00ed como con las poblaciones no hispanas y no latinas de Adrian.<\/li>\n<\/ul>\n\n\n\n<p class=\"wp-block-paragraph\">Los organizadores convocan a escritores, biling\u00fces, estudiantes, artistas y vecinos solidarios a participar como voluntarios en esta iniciativa. Animamos a cualquier persona interesada en ense\u00f1ar, ayudar a familias o colaborar con historias o colecciones de arte.<\/p>\n\n\n\n<p class=\"wp-block-paragraph\">Para obtener m\u00e1s informaci\u00f3n, donar o ser voluntario, comun\u00edquese con LLEAD Adrian en <a href=\"mailto:latinoleadadrian@gmail.com\">latinoleadadrian@gmail.com<\/a>.<\/p>\n\n\n\n<p class=\"wp-block-paragraph\">Mientras Adrian conmemora dos siglos de crecimiento y cambio, Ra\u00edces de Nuestra Comunidad. Se erige como una celebraci\u00f3n de la identidad, la memoria y la fuerza de una comunidad unida.<\/p>\n\n\n\n<p class=\"has-text-align-center wp-block-paragraph\"><a href=\"https:\/\/lenaweevoice.com\/2025\/06\/15\/community-initiative-aims-to-document-and-celebrate-adrians-hispanic-heritage\/\"><strong>De un clic aqu\u00ed para leer la historia en ingl\u00e9s.<\/strong><br><strong>Click here to read this story in English.<\/strong><\/a><\/p>\n","protected":false},"excerpt":{"rendered":"<p>Como parte de la celebraci\u00f3n del Bicentenario de la Ciudad de Adrian, una iniciativa cultural liderada por la comunidad organizada a trav\u00e9s de LLEAD Adrian, titulada Ra\u00edces de Nuestra Comunidad, honrar\u00e1 el legado de 200 a\u00f1os de los residentes hispanos y latinos de los Condados de Adrian y Lenawee.<\/p>\n","protected":false},"author":4,"featured_media":2900,"comment_status":"open","ping_status":"open","sticky":false,"template":"","format":"standard","meta":{"nf_dc_page":"","om_disable_all_campaigns":false,"_monsterinsights_skip_tracking":false,"footnotes":""},"categories":[34],"tags":[],"community":[62],"class_list":["post-2904","post","type-post","status-publish","format-standard","has-post-thumbnail","category-es","community-adrian"],"yoast_head":"<!-- This site is optimized with the Yoast SEO plugin v28.4 - https:\/\/yoast.com\/product\/yoast-seo-wordpress\/ -->\n<title>Ra\u00edces de Nuestra Comunidad celebrar\u00e1 las contribuciones hispanas y latinas en Adrian | The Lenawee Voice<\/title>\n<meta name=\"robots\" content=\"noindex, follow, max-snippet:-1, max-image-preview:large, max-video-preview:-1\" \/>\n<meta property=\"og:locale\" content=\"en_US\" \/>\n<meta property=\"og:type\" content=\"article\" \/>\n<meta property=\"og:title\" content=\"Ra\u00edces de Nuestra Comunidad celebrar\u00e1 las contribuciones hispanas y latinas en Adrian | The Lenawee Voice\" \/>\n<meta property=\"og:description\" content=\"Como parte de la celebraci\u00f3n del Bicentenario de la Ciudad de Adrian, una iniciativa cultural liderada por la comunidad organizada a trav\u00e9s de LLEAD Adrian, titulada Ra\u00edces de Nuestra Comunidad, honrar\u00e1 el legado de 200 a\u00f1os de los residentes hispanos y latinos de los Condados de Adrian y Lenawee.\" \/>\n<meta property=\"og:url\" content=\"https:\/\/lenaweevoice.com\/staging\/7542\/2025\/06\/15\/raices-de-nuestra-comunidad-celebrara-las-contribuciones-hispanas-y-latinas-en-adrian\/\" \/>\n<meta property=\"og:site_name\" content=\"The Lenawee Voice\" \/>\n<meta property=\"article:published_time\" content=\"2025-06-15T22:56:15+00:00\" \/>\n<meta property=\"article:modified_time\" content=\"2026-09-04T04:50:27+00:00\" \/>\n<meta property=\"og:image\" content=\"https:\/\/lenaweevoice.com\/staging\/7542\/wp-content\/uploads\/2025\/06\/raices_es-en.jpg\" \/>\n\t<meta property=\"og:image:width\" content=\"1200\" \/>\n\t<meta property=\"og:image:height\" content=\"600\" \/>\n\t<meta property=\"og:image:type\" content=\"image\/jpeg\" \/>\n<meta name=\"author\" content=\"Lizbeth Perez-Cazares\" \/>\n<meta name=\"twitter:card\" content=\"summary_large_image\" \/>\n<meta name=\"twitter:label1\" content=\"Written by\" \/>\n\t<meta name=\"twitter:data1\" content=\"Lizbeth Perez-Cazares\" \/>\n\t<meta name=\"twitter:label2\" content=\"Est. reading time\" \/>\n\t<meta name=\"twitter:data2\" content=\"3 minutes\" \/>\n<script type=\"application\/ld+json\" class=\"yoast-schema-graph\">{\"@context\":\"https:\\\/\\\/schema.org\",\"@graph\":[{\"@type\":\"Article\",\"@id\":\"https:\\\/\\\/lenaweevoice.com\\\/staging\\\/7542\\\/2025\\\/06\\\/15\\\/raices-de-nuestra-comunidad-celebrara-las-contribuciones-hispanas-y-latinas-en-adrian\\\/#article\",\"isPartOf\":{\"@id\":\"https:\\\/\\\/lenaweevoice.com\\\/staging\\\/7542\\\/2025\\\/06\\\/15\\\/raices-de-nuestra-comunidad-celebrara-las-contribuciones-hispanas-y-latinas-en-adrian\\\/\"},\"author\":{\"name\":\"Lizbeth Perez-Cazares\",\"@id\":\"https:\\\/\\\/lenaweevoice.com\\\/staging\\\/7542\\\/#\\\/schema\\\/person\\\/a3dbe06f1af3e72ada6b9b909aa8f883\"},\"headline\":\"Ra\u00edces de Nuestra Comunidad celebrar\u00e1 las contribuciones hispanas y latinas en Adrian\",\"datePublished\":\"2025-06-15T22:56:15+00:00\",\"dateModified\":\"2026-09-04T04:50:27+00:00\",\"mainEntityOfPage\":{\"@id\":\"https:\\\/\\\/lenaweevoice.com\\\/staging\\\/7542\\\/2025\\\/06\\\/15\\\/raices-de-nuestra-comunidad-celebrara-las-contribuciones-hispanas-y-latinas-en-adrian\\\/\"},\"wordCount\":669,\"commentCount\":0,\"publisher\":{\"@id\":\"https:\\\/\\\/lenaweevoice.com\\\/staging\\\/7542\\\/#organization\"},\"image\":{\"@id\":\"https:\\\/\\\/lenaweevoice.com\\\/staging\\\/7542\\\/2025\\\/06\\\/15\\\/raices-de-nuestra-comunidad-celebrara-las-contribuciones-hispanas-y-latinas-en-adrian\\\/#primaryimage\"},\"thumbnailUrl\":\"https:\\\/\\\/lenaweevoice.com\\\/staging\\\/7542\\\/wp-content\\\/uploads\\\/2025\\\/06\\\/raices_es-en.jpg\",\"articleSection\":[\"Noticias Locales\"],\"inLanguage\":\"en-US\",\"potentialAction\":[{\"@type\":\"CommentAction\",\"name\":\"Comment\",\"target\":[\"https:\\\/\\\/lenaweevoice.com\\\/staging\\\/7542\\\/2025\\\/06\\\/15\\\/raices-de-nuestra-comunidad-celebrara-las-contribuciones-hispanas-y-latinas-en-adrian\\\/#respond\"]}]},{\"@type\":\"WebPage\",\"@id\":\"https:\\\/\\\/lenaweevoice.com\\\/staging\\\/7542\\\/2025\\\/06\\\/15\\\/raices-de-nuestra-comunidad-celebrara-las-contribuciones-hispanas-y-latinas-en-adrian\\\/\",\"url\":\"https:\\\/\\\/lenaweevoice.com\\\/staging\\\/7542\\\/2025\\\/06\\\/15\\\/raices-de-nuestra-comunidad-celebrara-las-contribuciones-hispanas-y-latinas-en-adrian\\\/\",\"name\":\"Ra\u00edces de Nuestra Comunidad celebrar\u00e1 las contribuciones hispanas y latinas en Adrian | The Lenawee Voice\",\"isPartOf\":{\"@id\":\"https:\\\/\\\/lenaweevoice.com\\\/staging\\\/7542\\\/#website\"},\"primaryImageOfPage\":{\"@id\":\"https:\\\/\\\/lenaweevoice.com\\\/staging\\\/7542\\\/2025\\\/06\\\/15\\\/raices-de-nuestra-comunidad-celebrara-las-contribuciones-hispanas-y-latinas-en-adrian\\\/#primaryimage\"},\"image\":{\"@id\":\"https:\\\/\\\/lenaweevoice.com\\\/staging\\\/7542\\\/2025\\\/06\\\/15\\\/raices-de-nuestra-comunidad-celebrara-las-contribuciones-hispanas-y-latinas-en-adrian\\\/#primaryimage\"},\"thumbnailUrl\":\"https:\\\/\\\/lenaweevoice.com\\\/staging\\\/7542\\\/wp-content\\\/uploads\\\/2025\\\/06\\\/raices_es-en.jpg\",\"datePublished\":\"2025-06-15T22:56:15+00:00\",\"dateModified\":\"2026-09-04T04:50:27+00:00\",\"breadcrumb\":{\"@id\":\"https:\\\/\\\/lenaweevoice.com\\\/staging\\\/7542\\\/2025\\\/06\\\/15\\\/raices-de-nuestra-comunidad-celebrara-las-contribuciones-hispanas-y-latinas-en-adrian\\\/#breadcrumb\"},\"inLanguage\":\"en-US\",\"potentialAction\":[{\"@type\":\"ReadAction\",\"target\":[\"https:\\\/\\\/lenaweevoice.com\\\/staging\\\/7542\\\/2025\\\/06\\\/15\\\/raices-de-nuestra-comunidad-celebrara-las-contribuciones-hispanas-y-latinas-en-adrian\\\/\"]}]},{\"@type\":\"ImageObject\",\"inLanguage\":\"en-US\",\"@id\":\"https:\\\/\\\/lenaweevoice.com\\\/staging\\\/7542\\\/2025\\\/06\\\/15\\\/raices-de-nuestra-comunidad-celebrara-las-contribuciones-hispanas-y-latinas-en-adrian\\\/#primaryimage\",\"url\":\"https:\\\/\\\/lenaweevoice.com\\\/staging\\\/7542\\\/wp-content\\\/uploads\\\/2025\\\/06\\\/raices_es-en.jpg\",\"contentUrl\":\"https:\\\/\\\/lenaweevoice.com\\\/staging\\\/7542\\\/wp-content\\\/uploads\\\/2025\\\/06\\\/raices_es-en.jpg\",\"width\":1200,\"height\":600},{\"@type\":\"BreadcrumbList\",\"@id\":\"https:\\\/\\\/lenaweevoice.com\\\/staging\\\/7542\\\/2025\\\/06\\\/15\\\/raices-de-nuestra-comunidad-celebrara-las-contribuciones-hispanas-y-latinas-en-adrian\\\/#breadcrumb\",\"itemListElement\":[{\"@type\":\"ListItem\",\"position\":1,\"name\":\"Home\",\"item\":\"https:\\\/\\\/lenaweevoice.com\\\/staging\\\/7542\\\/\"},{\"@type\":\"ListItem\",\"position\":2,\"name\":\"Ra\u00edces de Nuestra Comunidad celebrar\u00e1 las contribuciones hispanas y latinas en Adrian\"}]},{\"@type\":\"WebSite\",\"@id\":\"https:\\\/\\\/lenaweevoice.com\\\/staging\\\/7542\\\/#website\",\"url\":\"https:\\\/\\\/lenaweevoice.com\\\/staging\\\/7542\\\/\",\"name\":\"The Lenawee Voice\",\"description\":\"Local news for the Adrian, Michigan area\",\"publisher\":{\"@id\":\"https:\\\/\\\/lenaweevoice.com\\\/staging\\\/7542\\\/#organization\"},\"potentialAction\":[{\"@type\":\"SearchAction\",\"target\":{\"@type\":\"EntryPoint\",\"urlTemplate\":\"https:\\\/\\\/lenaweevoice.com\\\/staging\\\/7542\\\/?s={search_term_string}\"},\"query-input\":{\"@type\":\"PropertyValueSpecification\",\"valueRequired\":true,\"valueName\":\"search_term_string\"}}],\"inLanguage\":\"en-US\"},{\"@type\":\"Organization\",\"@id\":\"https:\\\/\\\/lenaweevoice.com\\\/staging\\\/7542\\\/#organization\",\"name\":\"The Lenawee Voice\",\"url\":\"https:\\\/\\\/lenaweevoice.com\\\/staging\\\/7542\\\/\",\"logo\":{\"@type\":\"ImageObject\",\"inLanguage\":\"en-US\",\"@id\":\"https:\\\/\\\/lenaweevoice.com\\\/staging\\\/7542\\\/#\\\/schema\\\/logo\\\/image\\\/\",\"url\":\"https:\\\/\\\/lenaweevoice.com\\\/staging\\\/7542\\\/wp-content\\\/uploads\\\/2023\\\/08\\\/Lenawee-Voice-544x180-1.png\",\"contentUrl\":\"https:\\\/\\\/lenaweevoice.com\\\/staging\\\/7542\\\/wp-content\\\/uploads\\\/2023\\\/08\\\/Lenawee-Voice-544x180-1.png\",\"width\":544,\"height\":180,\"caption\":\"The Lenawee Voice\"},\"image\":{\"@id\":\"https:\\\/\\\/lenaweevoice.com\\\/staging\\\/7542\\\/#\\\/schema\\\/logo\\\/image\\\/\"}},{\"@type\":\"Person\",\"@id\":\"https:\\\/\\\/lenaweevoice.com\\\/staging\\\/7542\\\/#\\\/schema\\\/person\\\/a3dbe06f1af3e72ada6b9b909aa8f883\",\"name\":\"Lizbeth Perez-Cazares\",\"image\":{\"@type\":\"ImageObject\",\"inLanguage\":\"en-US\",\"@id\":\"https:\\\/\\\/secure.gravatar.com\\\/avatar\\\/?s=96&d=mm&r=g\",\"url\":\"https:\\\/\\\/secure.gravatar.com\\\/avatar\\\/?s=96&d=mm&r=g\",\"contentUrl\":\"https:\\\/\\\/secure.gravatar.com\\\/avatar\\\/?s=96&d=mm&r=g\",\"caption\":\"Lizbeth Perez-Cazares\"},\"url\":\"#molongui-disabled-link\"}]}<\/script>\n<!-- \/ Yoast SEO plugin. -->","yoast_head_json":{"title":"Ra\u00edces de Nuestra Comunidad celebrar\u00e1 las contribuciones hispanas y latinas en Adrian | The Lenawee Voice","robots":{"index":"noindex","follow":"follow","max-snippet":"max-snippet:-1","max-image-preview":"max-image-preview:large","max-video-preview":"max-video-preview:-1"},"og_locale":"en_US","og_type":"article","og_title":"Ra\u00edces de Nuestra Comunidad celebrar\u00e1 las contribuciones hispanas y latinas en Adrian | The Lenawee Voice","og_description":"Como parte de la celebraci\u00f3n del Bicentenario de la Ciudad de Adrian, una iniciativa cultural liderada por la comunidad organizada a trav\u00e9s de LLEAD Adrian, titulada Ra\u00edces de Nuestra Comunidad, honrar\u00e1 el legado de 200 a\u00f1os de los residentes hispanos y latinos de los Condados de Adrian y Lenawee.","og_url":"https:\/\/lenaweevoice.com\/staging\/7542\/2025\/06\/15\/raices-de-nuestra-comunidad-celebrara-las-contribuciones-hispanas-y-latinas-en-adrian\/","og_site_name":"The Lenawee Voice","article_published_time":"2025-06-15T22:56:15+00:00","article_modified_time":"2026-09-04T04:50:27+00:00","og_image":[{"width":1200,"height":600,"url":"https:\/\/lenaweevoice.com\/staging\/7542\/wp-content\/uploads\/2025\/06\/raices_es-en.jpg","type":"image\/jpeg"}],"author":"Lizbeth Perez-Cazares","twitter_card":"summary_large_image","twitter_misc":{"Written by":"Lizbeth Perez-Cazares","Est. reading time":"3 minutes"},"schema":{"@context":"https:\/\/schema.org","@graph":[{"@type":"Article","@id":"https:\/\/lenaweevoice.com\/staging\/7542\/2025\/06\/15\/raices-de-nuestra-comunidad-celebrara-las-contribuciones-hispanas-y-latinas-en-adrian\/#article","isPartOf":{"@id":"https:\/\/lenaweevoice.com\/staging\/7542\/2025\/06\/15\/raices-de-nuestra-comunidad-celebrara-las-contribuciones-hispanas-y-latinas-en-adrian\/"},"author":{"name":"Lizbeth Perez-Cazares","@id":"https:\/\/lenaweevoice.com\/staging\/7542\/#\/schema\/person\/a3dbe06f1af3e72ada6b9b909aa8f883"},"headline":"Ra\u00edces de Nuestra Comunidad celebrar\u00e1 las contribuciones hispanas y latinas en Adrian","datePublished":"2025-06-15T22:56:15+00:00","dateModified":"2026-09-04T04:50:27+00:00","mainEntityOfPage":{"@id":"https:\/\/lenaweevoice.com\/staging\/7542\/2025\/06\/15\/raices-de-nuestra-comunidad-celebrara-las-contribuciones-hispanas-y-latinas-en-adrian\/"},"wordCount":669,"commentCount":0,"publisher":{"@id":"https:\/\/lenaweevoice.com\/staging\/7542\/#organization"},"image":{"@id":"https:\/\/lenaweevoice.com\/staging\/7542\/2025\/06\/15\/raices-de-nuestra-comunidad-celebrara-las-contribuciones-hispanas-y-latinas-en-adrian\/#primaryimage"},"thumbnailUrl":"https:\/\/lenaweevoice.com\/staging\/7542\/wp-content\/uploads\/2025\/06\/raices_es-en.jpg","articleSection":["Noticias Locales"],"inLanguage":"en-US","potentialAction":[{"@type":"CommentAction","name":"Comment","target":["https:\/\/lenaweevoice.com\/staging\/7542\/2025\/06\/15\/raices-de-nuestra-comunidad-celebrara-las-contribuciones-hispanas-y-latinas-en-adrian\/#respond"]}]},{"@type":"WebPage","@id":"https:\/\/lenaweevoice.com\/staging\/7542\/2025\/06\/15\/raices-de-nuestra-comunidad-celebrara-las-contribuciones-hispanas-y-latinas-en-adrian\/","url":"https:\/\/lenaweevoice.com\/staging\/7542\/2025\/06\/15\/raices-de-nuestra-comunidad-celebrara-las-contribuciones-hispanas-y-latinas-en-adrian\/","name":"Ra\u00edces de Nuestra Comunidad celebrar\u00e1 las contribuciones hispanas y latinas en Adrian | The Lenawee Voice","isPartOf":{"@id":"https:\/\/lenaweevoice.com\/staging\/7542\/#website"},"primaryImageOfPage":{"@id":"https:\/\/lenaweevoice.com\/staging\/7542\/2025\/06\/15\/raices-de-nuestra-comunidad-celebrara-las-contribuciones-hispanas-y-latinas-en-adrian\/#primaryimage"},"image":{"@id":"https:\/\/lenaweevoice.com\/staging\/7542\/2025\/06\/15\/raices-de-nuestra-comunidad-celebrara-las-contribuciones-hispanas-y-latinas-en-adrian\/#primaryimage"},"thumbnailUrl":"https:\/\/lenaweevoice.com\/staging\/7542\/wp-content\/uploads\/2025\/06\/raices_es-en.jpg","datePublished":"2025-06-15T22:56:15+00:00","dateModified":"2026-09-04T04:50:27+00:00","breadcrumb":{"@id":"https:\/\/lenaweevoice.com\/staging\/7542\/2025\/06\/15\/raices-de-nuestra-comunidad-celebrara-las-contribuciones-hispanas-y-latinas-en-adrian\/#breadcrumb"},"inLanguage":"en-US","potentialAction":[{"@type":"ReadAction","target":["https:\/\/lenaweevoice.com\/staging\/7542\/2025\/06\/15\/raices-de-nuestra-comunidad-celebrara-las-contribuciones-hispanas-y-latinas-en-adrian\/"]}]},{"@type":"ImageObject","inLanguage":"en-US","@id":"https:\/\/lenaweevoice.com\/staging\/7542\/2025\/06\/15\/raices-de-nuestra-comunidad-celebrara-las-contribuciones-hispanas-y-latinas-en-adrian\/#primaryimage","url":"https:\/\/lenaweevoice.com\/staging\/7542\/wp-content\/uploads\/2025\/06\/raices_es-en.jpg","contentUrl":"https:\/\/lenaweevoice.com\/staging\/7542\/wp-content\/uploads\/2025\/06\/raices_es-en.jpg","width":1200,"height":600},{"@type":"BreadcrumbList","@id":"https:\/\/lenaweevoice.com\/staging\/7542\/2025\/06\/15\/raices-de-nuestra-comunidad-celebrara-las-contribuciones-hispanas-y-latinas-en-adrian\/#breadcrumb","itemListElement":[{"@type":"ListItem","position":1,"name":"Home","item":"https:\/\/lenaweevoice.com\/staging\/7542\/"},{"@type":"ListItem","position":2,"name":"Ra\u00edces de Nuestra Comunidad celebrar\u00e1 las contribuciones hispanas y latinas en Adrian"}]},{"@type":"WebSite","@id":"https:\/\/lenaweevoice.com\/staging\/7542\/#website","url":"https:\/\/lenaweevoice.com\/staging\/7542\/","name":"The Lenawee Voice","description":"Local news for the Adrian, Michigan area","publisher":{"@id":"https:\/\/lenaweevoice.com\/staging\/7542\/#organization"},"potentialAction":[{"@type":"SearchAction","target":{"@type":"EntryPoint","urlTemplate":"https:\/\/lenaweevoice.com\/staging\/7542\/?s={search_term_string}"},"query-input":{"@type":"PropertyValueSpecification","valueRequired":true,"valueName":"search_term_string"}}],"inLanguage":"en-US"},{"@type":"Organization","@id":"https:\/\/lenaweevoice.com\/staging\/7542\/#organization","name":"The Lenawee Voice","url":"https:\/\/lenaweevoice.com\/staging\/7542\/","logo":{"@type":"ImageObject","inLanguage":"en-US","@id":"https:\/\/lenaweevoice.com\/staging\/7542\/#\/schema\/logo\/image\/","url":"https:\/\/lenaweevoice.com\/staging\/7542\/wp-content\/uploads\/2023\/08\/Lenawee-Voice-544x180-1.png","contentUrl":"https:\/\/lenaweevoice.com\/staging\/7542\/wp-content\/uploads\/2023\/08\/Lenawee-Voice-544x180-1.png","width":544,"height":180,"caption":"The Lenawee Voice"},"image":{"@id":"https:\/\/lenaweevoice.com\/staging\/7542\/#\/schema\/logo\/image\/"}},{"@type":"Person","@id":"https:\/\/lenaweevoice.com\/staging\/7542\/#\/schema\/person\/a3dbe06f1af3e72ada6b9b909aa8f883","name":"Lizbeth Perez-Cazares","image":{"@type":"ImageObject","inLanguage":"en-US","@id":"https:\/\/secure.gravatar.com\/avatar\/?s=96&d=mm&r=g","url":"https:\/\/secure.gravatar.com\/avatar\/?s=96&d=mm&r=g","contentUrl":"https:\/\/secure.gravatar.com\/avatar\/?s=96&d=mm&r=g","caption":"Lizbeth Perez-Cazares"},"url":"#molongui-disabled-link"}]}},"_links":{"self":[{"href":"https:\/\/lenaweevoice.com\/staging\/7542\/wp-json\/wp\/v2\/posts\/2904","targetHints":{"allow":["GET"]}}],"collection":[{"href":"https:\/\/lenaweevoice.com\/staging\/7542\/wp-json\/wp\/v2\/posts"}],"about":[{"href":"https:\/\/lenaweevoice.com\/staging\/7542\/wp-json\/wp\/v2\/types\/post"}],"author":[{"embeddable":true,"href":"https:\/\/lenaweevoice.com\/staging\/7542\/wp-json\/wp\/v2\/users\/4"}],"replies":[{"embeddable":true,"href":"https:\/\/lenaweevoice.com\/staging\/7542\/wp-json\/wp\/v2\/comments?post=2904"}],"version-history":[{"count":1,"href":"https:\/\/lenaweevoice.com\/staging\/7542\/wp-json\/wp\/v2\/posts\/2904\/revisions"}],"predecessor-version":[{"id":2905,"href":"https:\/\/lenaweevoice.com\/staging\/7542\/wp-json\/wp\/v2\/posts\/2904\/revisions\/2905"}],"wp:featuredmedia":[{"embeddable":true,"href":"https:\/\/lenaweevoice.com\/staging\/7542\/wp-json\/wp\/v2\/media\/2900"}],"wp:attachment":[{"href":"https:\/\/lenaweevoice.com\/staging\/7542\/wp-json\/wp\/v2\/media?parent=2904"}],"wp:term":[{"taxonomy":"category","embeddable":true,"href":"https:\/\/lenaweevoice.com\/staging\/7542\/wp-json\/wp\/v2\/categories?post=2904"},{"taxonomy":"post_tag","embeddable":true,"href":"https:\/\/lenaweevoice.com\/staging\/7542\/wp-json\/wp\/v2\/tags?post=2904"},{"taxonomy":"community","embeddable":true,"href":"https:\/\/lenaweevoice.com\/staging\/7542\/wp-json\/wp\/v2\/community?post=2904"}],"curies":[{"name":"wp","href":"https:\/\/api.w.org\/{rel}","templated":true}]}}